{"id":77220,"date":"2021-10-08T07:57:34","date_gmt":"2021-10-08T12:57:34","guid":{"rendered":"https:\/\/estado29.mx\/?p=77220"},"modified":"2021-10-08T07:57:55","modified_gmt":"2021-10-08T12:57:55","slug":"se-manifestaron-trabajadores-de-amatech-en-la-jlcya-mantienen-inconformidades-por-irregularidades-salariales","status":"publish","type":"post","link":"https:\/\/estado29.mx\/?p=77220","title":{"rendered":"Se manifestaron trabajadores de Amatech en la JLCyA, mantienen inconformidades por irregularidades salariales"},"content":{"rendered":"\n<p>Mar\u00eda Altamirano.- Este d\u00eda trabajadores de la empresa Amatech, ubicada en Acuitlapilco, municipio de Tlaxcala, quienes se mantienen en huelga desde el pasado 27 de septiembre se manifestaron frente a las instalaciones de la Junta Local de Conciliaci\u00f3n y Arbitraje (JLCyA), para exigir que les sea pagada la \u00faltima quincena del mes pasado, as\u00ed como el aumento salarial que han demandado.<\/p>\n\n\n\n<p>Con pancartas en mano y diversas consignas, los trabajadores marcharon desde la empresa hasta llegar a las instalaciones de la JLCyA, donde se apostaron, mientras sus representantes sindicales mantienen una audiencia con las autoridades competentes, pues piden un aumento salarial de 5.8 por ciento, pero la empresa s\u00f3lo les ofrece el tres por ciento.<\/p>\n\n\n\n<p>Recordar que estos trabajadores, quienes est\u00e1n afiliados a la Confederaci\u00f3n de Obreros Revolucionarios y Campesinos (CROC) han sostenido varias mesas de di\u00e1logo para destrabar la huelga, pero a la fecha no han llegado a acuerdos, por lo que han mantenido sus protestas.<\/p>\n\n\n\n<p>Su exigencia es un incremento salarial justo para m\u00e1s de 3 mil operadores de ese call center, parte de ellos participaron la marcha y manifestaci\u00f3n pac\u00edfica frente a la JLCyA, donde las partes patronal y sindical dialogan sobre el conflicto.<\/p>\n\n\n\n<p>Los inconformes gritaron consignas como \u201c\u00a1quiero mi quincena!\u201d y \u201c\u00a1queremos un salario justo y digno!\u201d, as\u00ed como reclamos al empresario Carlos Slim, a quien acusan de no querer darles un salario digno como trabajadores de ese centro laboral.<\/p>\n\n\n\n<p>Tambi\u00e9n denunciaron que los salarios que ofrece la empresa son \u201cm\u00edseros\u201d y que sufren de un trato indigno, ya que durante la pandemia no hubo medidas de aislamiento o contenci\u00f3n de contagios.<\/p>\n","protected":false},"excerpt":{"rendered":"<p>Mar\u00eda Altamirano.- Este d\u00eda trabajadores de la empresa Amatech, ubicada en Acuitlapilco, municipio de Tlaxcala, quienes se mantienen en huelga desde el pasado 27 de septiembre se manifestaron frente a las instalaciones de la Junta Local de Conciliaci\u00f3n y Arbitraje (JLCyA), para exigir que les sea pagada la \u00faltima quincena del mes pasado, as\u00ed como [&hellip;]<\/p>\n","protected":false},"author":12,"featured_media":0,"comment_status":"closed","ping_status":"open","sticky":false,"template":"","format":"standard","meta":{"om_disable_all_campaigns":false,"_monsterinsights_skip_tracking":false,"_monsterinsights_sitenote_active":false,"_monsterinsights_sitenote_note":"","_monsterinsights_sitenote_category":0,"jnews-multi-image_gallery":[],"jnews_single_post":[],"jnews_primary_category":[],"footnotes":""},"categories":[],"tags":[],"class_list":["post-77220","post","type-post","status-publish","format-standard","hentry"],"aioseo_notices":[],"_links":{"self":[{"href":"https:\/\/estado29.mx\/index.php?rest_route=\/wp\/v2\/posts\/77220","targetHints":{"allow":["GET"]}}],"collection":[{"href":"https:\/\/estado29.mx\/index.php?rest_route=\/wp\/v2\/posts"}],"about":[{"href":"https:\/\/estado29.mx\/index.php?rest_route=\/wp\/v2\/types\/post"}],"author":[{"embeddable":true,"href":"https:\/\/estado29.mx\/index.php?rest_route=\/wp\/v2\/users\/12"}],"replies":[{"embeddable":true,"href":"https:\/\/estado29.mx\/index.php?rest_route=%2Fwp%2Fv2%2Fcomments&post=77220"}],"version-history":[{"count":1,"href":"https:\/\/estado29.mx\/index.php?rest_route=\/wp\/v2\/posts\/77220\/revisions"}],"predecessor-version":[{"id":77223,"href":"https:\/\/estado29.mx\/index.php?rest_route=\/wp\/v2\/posts\/77220\/revisions\/77223"}],"wp:attachment":[{"href":"https:\/\/estado29.mx\/index.php?rest_route=%2Fwp%2Fv2%2Fmedia&parent=77220"}],"wp:term":[{"taxonomy":"category","embeddable":true,"href":"https:\/\/estado29.mx\/index.php?rest_route=%2Fwp%2Fv2%2Fcategories&post=77220"},{"taxonomy":"post_tag","embeddable":true,"href":"https:\/\/estado29.mx\/index.php?rest_route=%2Fwp%2Fv2%2Ftags&post=77220"}],"curies":[{"name":"wp","href":"https:\/\/api.w.org\/{rel}","templated":true}]}}