{"id":77240,"date":"2021-10-11T07:29:49","date_gmt":"2021-10-11T12:29:49","guid":{"rendered":"https:\/\/estado29.mx\/?p=77240"},"modified":"2021-10-11T07:30:04","modified_gmt":"2021-10-11T12:30:04","slug":"imss-fortalece-acciones-en-favor-de-la-salud-de-la-mujer-durante-9a-jornada","status":"publish","type":"post","link":"https:\/\/estado29.mx\/?p=77240","title":{"rendered":"IMSS fortalece acciones en favor de la salud de la mujer durante 9\u00aa Jornada"},"content":{"rendered":"\n<p><strong>Nacional de Recuperaci\u00f3n de Servicios<\/strong><\/p>\n\n\n\n<ul class=\"wp-block-list\"><li><strong>La directora de Prestaciones M\u00e9dicas, doctora C\u00e9lida Duque Molina, invit\u00f3 a las derechohabientes a realizar acciones preventivas contra el c\u00e1ncer de mama.<\/strong><\/li><li><strong>Indic\u00f3 que la autoexploraci\u00f3n de mama se debe realizar a partir de los 18 a\u00f1os, una vez al mes, y la mastograf\u00eda se realiza a partir de los 40.<\/strong><strong><\/strong><\/li><\/ul>\n\n\n\n<p>El Instituto Mexicano del Seguro Social (IMSS) realiza del 8 al 10 de octubre la 9\u00aa Jornada Nacional de Recuperaci\u00f3n de Servicios m\u00e9dicos, con un enfoque especial por el mes de la sensibilizaci\u00f3n sobre el C\u00e1ncer de Mama, a fin de detectar oportunamente padecimientos oncol\u00f3gicos que afectan a las mujeres.<\/p>\n\n\n\n<p>La 9\u00aa Jornada Nacional se lleva a cabo en continuidad del compromiso del director general del IMSS, Maestro Zo\u00e9 Robledo, de fortalecer la recuperaci\u00f3n de servicios y la atenci\u00f3n m\u00e9dica integral para los derechohabientes con atenciones de promoci\u00f3n, prevenci\u00f3n y detecci\u00f3n oportuna, as\u00ed como consultas de especialidades, cirug\u00edas y trasplantes.<\/p>\n\n\n\n<p>En este sentido, la directora de Prestaciones M\u00e9dicas del Seguro Social, doctora C\u00e9lida Duque Molina, visit\u00f3 ayer s\u00e1bado la Unidad de Medicina Familiar (UMF) No. 20 y la Cl\u00ednica de Diagn\u00f3stico de C\u00e1ncer de Mama, en la zona norte de la Ciudad de M\u00e9xico, donde llam\u00f3 a las mujeres a acudir a las unidades m\u00e9dicas a recibir acciones preventivas de salud.<\/p>\n\n\n\n<p>\u201cEn esta novena Jornada Nacional, el emblema de la misma es la salud de la mujer, la detecci\u00f3n de c\u00e1ncer de mama por mastograf\u00eda, la detecci\u00f3n de c\u00e1ncer cervicouterino y todo el paquete de atenciones que conlleva realizar estas atenciones preventivas para la salud de las mujeres\u201d, subray\u00f3.<\/p>\n\n\n\n<p>Resalt\u00f3 que la autoexploraci\u00f3n de mama se debe realizar a partir de los 18 a\u00f1os, una vez al mes, lo que permite detectar alguna lesi\u00f3n y acudir oportunamente al m\u00e9dico familiar. La detecci\u00f3n de c\u00e1ncer de mam\u00e1 por mastograf\u00eda se realiza a partir de los 40 a\u00f1os y las derechohabientes pueden acudir a su UMF o a las 10 unidades de detecci\u00f3n de c\u00e1ncer de mama que hay en el pa\u00eds, una de ellas en el norte de la de Ciudad de M\u00e9xico.<\/p>\n\n\n\n<p>Duque Molina explic\u00f3 que si al realizarse la mastograf\u00eda existe alguna sospecha en la misma, las pacientes pasar\u00e1n de inmediato a una evaluaci\u00f3n cl\u00ednica con el m\u00e9dico especialista, un ultrasonido complementario, y de ser necesario se toma la biopsia con equipo altamente especializado, como es el mast\u00f3grafo con estereotaxia.<\/p>\n\n\n\n<p>Se\u00f1al\u00f3 que en menos de 20 d\u00edas las pacientes con c\u00e1ncer de mama en estas unidades reciben la confirmaci\u00f3n diagn\u00f3stica, y se inicia el tratamiento con el env\u00edo a las unidades de Tercer Nivel de atenci\u00f3n.<\/p>\n\n\n\n<p>\u201cEs muy importante la detecci\u00f3n del c\u00e1ncer de mama, ya que si se detecta oportunamente es curable y el d\u00eda de hoy es la primera causa de muerte por c\u00e1ncer en la mujer\u201d, indic\u00f3.<\/p>\n\n\n\n<p>La directora de Prestaciones M\u00e9dicas del Seguro Social se\u00f1al\u00f3 que estos recorridos muestran las acciones de promoci\u00f3n, prevenci\u00f3n y detecci\u00f3n oportuna en la unidad de diagn\u00f3stico de c\u00e1ncer de mama, en una Unidad M\u00e9dica de Alta Especialidad (UMAE) con cirug\u00eda programada y el fortalecimiento de la atenci\u00f3n m\u00e9dica con la investigaci\u00f3n en COVID-19.<\/p>\n\n\n\n<p>Adem\u00e1s, una intervenci\u00f3n extraordinaria realizada en el Hospital General del Centro M\u00e9dico Nacional La Raza, donde se trasplant\u00f3 un h\u00edgado de urgencia nacional a una menor con insuficiencia hep\u00e1tica aguda, con la presencia del director de este hospital, doctor Guillermo Careaga Reyna, y de la Jefa de la Divisi\u00f3n de Trasplantes, doctora Marlene Santos Caballero.<\/p>\n\n\n\n<p>Por su parte, el titular de la representaci\u00f3n del IMSS en Ciudad de M\u00e9xico Norte, doctor Jos\u00e9 Antonio Zamudio Gonz\u00e1lez, destac\u00f3 que es posible prever el desarrollo fatal de una enfermedad como el c\u00e1ncer de mama con la autoexploraci\u00f3n y la mastograf\u00eda, ya que ambas permiten un diagn\u00f3stico oportuno y certero para brindar sobrevida a las pacientes que son detectadas con este padecimiento.<\/p>\n\n\n\n<p>En esta jornada de recuperaci\u00f3n de servicios participa personal directivo, administrativo, m\u00e9dico y de enfermer\u00eda de las representaciones estatales y de 25 Unidades M\u00e9dicas de Alta Especialidad (UMAE), quienes adem\u00e1s realizan acciones de detecci\u00f3n de enfermedades cr\u00f3nicas como diabetes, hipertensi\u00f3n, c\u00e1ncer, y otorgan a los derechohabientes consultas de medicina familiar, especialidad y cirug\u00edas.<\/p>\n\n\n\n<p>Para la 9\u00aa Jornada Nacional de Recuperaci\u00f3n de Servicios, del 8 al 10 de octubre, se prev\u00e9 realizar 2 mil 420 cirug\u00edas, 57 mil 804 consultas de medicinas familiar, 17 mil de especialidad y 66 mil 672 detecciones. Adem\u00e1s, al momento se han llevado a cabo 24 trasplantes: 11 de ri\u00f1\u00f3n, siete de c\u00f3rnea, cinco de m\u00e9dula \u00f3sea y uno de h\u00edgado.<\/p>\n","protected":false},"excerpt":{"rendered":"<p>Nacional de Recuperaci\u00f3n de Servicios La directora de Prestaciones M\u00e9dicas, doctora C\u00e9lida Duque Molina, invit\u00f3 a las derechohabientes a realizar acciones preventivas contra el c\u00e1ncer de mama. Indic\u00f3 que la autoexploraci\u00f3n de mama se debe realizar a partir de los 18 a\u00f1os, una vez al mes, y la mastograf\u00eda se realiza a partir de los [&hellip;]<\/p>\n","protected":false},"author":12,"featured_media":0,"comment_status":"closed","ping_status":"open","sticky":false,"template":"","format":"standard","meta":{"om_disable_all_campaigns":false,"_monsterinsights_skip_tracking":false,"_monsterinsights_sitenote_active":false,"_monsterinsights_sitenote_note":"","_monsterinsights_sitenote_category":0,"jnews-multi-image_gallery":[],"jnews_single_post":[],"jnews_primary_category":[],"footnotes":""},"categories":[],"tags":[],"class_list":["post-77240","post","type-post","status-publish","format-standard","hentry"],"aioseo_notices":[],"_links":{"self":[{"href":"https:\/\/estado29.mx\/index.php?rest_route=\/wp\/v2\/posts\/77240","targetHints":{"allow":["GET"]}}],"collection":[{"href":"https:\/\/estado29.mx\/index.php?rest_route=\/wp\/v2\/posts"}],"about":[{"href":"https:\/\/estado29.mx\/index.php?rest_route=\/wp\/v2\/types\/post"}],"author":[{"embeddable":true,"href":"https:\/\/estado29.mx\/index.php?rest_route=\/wp\/v2\/users\/12"}],"replies":[{"embeddable":true,"href":"https:\/\/estado29.mx\/index.php?rest_route=%2Fwp%2Fv2%2Fcomments&post=77240"}],"version-history":[{"count":1,"href":"https:\/\/estado29.mx\/index.php?rest_route=\/wp\/v2\/posts\/77240\/revisions"}],"predecessor-version":[{"id":77243,"href":"https:\/\/estado29.mx\/index.php?rest_route=\/wp\/v2\/posts\/77240\/revisions\/77243"}],"wp:attachment":[{"href":"https:\/\/estado29.mx\/index.php?rest_route=%2Fwp%2Fv2%2Fmedia&parent=77240"}],"wp:term":[{"taxonomy":"category","embeddable":true,"href":"https:\/\/estado29.mx\/index.php?rest_route=%2Fwp%2Fv2%2Fcategories&post=77240"},{"taxonomy":"post_tag","embeddable":true,"href":"https:\/\/estado29.mx\/index.php?rest_route=%2Fwp%2Fv2%2Ftags&post=77240"}],"curies":[{"name":"wp","href":"https:\/\/api.w.org\/{rel}","templated":true}]}}