{"id":77303,"date":"2021-10-12T07:42:14","date_gmt":"2021-10-12T12:42:14","guid":{"rendered":"https:\/\/estado29.mx\/?p=77303"},"modified":"2021-10-12T07:42:28","modified_gmt":"2021-10-12T12:42:28","slug":"inicio-casa-de-las-artesanias-programa-de-credencializacion-para-creadores","status":"publish","type":"post","link":"https:\/\/estado29.mx\/?p=77303","title":{"rendered":"Inici\u00f3 casa de las artesan\u00edas programa de credencializaci\u00f3n para creadores."},"content":{"rendered":"\n<p>*\u00a0 El gobierno estatal acerca los servicios directamente a las comunidades.<\/p>\n\n\n\n<p>Casa de las Artesan\u00edas de Tlaxcala (CAT) inici\u00f3 formalmente el programa de \u201cCredencializaci\u00f3n y Atenci\u00f3n en Tu Municipio\u201d en Tzompantepec e Ixtenco, con la finalidad de que los creadores ingresen al Padr\u00f3n Artesanal del Estado para que tengan la posibilidad de acceder a los apoyos y beneficios que ofrece el Ejecutivo local.<\/p>\n\n\n\n<p>El programa de \u201cCredencializaci\u00f3n y Atenci\u00f3n en Tu Municipio\u201d se realiza desde el 11 de octubre y concluir\u00e1 en noviembre pr\u00f3ximo, la identificaci\u00f3n es completamente gratuita y tendr\u00e1 vigencia de un a\u00f1o, para obtenerla, los interesados deber\u00e1n presentar las evidencias fotogr\u00e1ficas de su oficio, as\u00ed como el lugar donde trabajan.<\/p>\n\n\n\n<p>La visita a los municipios ser\u00e1 de dos a tres d\u00edas por semana seg\u00fan sea el caso, el recorrido comenz\u00f3 en Espa\u00f1ita, Ixtacuixtla y Chiautempan, adem\u00e1s de Tzompantepec e Ixtenco.<\/p>\n\n\n\n<p>En cumplimiento a las instrucciones de la gobernadora, Lorena Cu\u00e9llar Cisneros, de respaldar a este sector, el director de CAT, Sa\u00fal P\u00e9rez Bravo, inform\u00f3 que la credencializaci\u00f3n de los artesanos servir\u00e1 para otorgar beneficios a ese sector.<\/p>\n\n\n\n<p>Adem\u00e1s, los artesanos podr\u00e1n participar en concursos que existen a nivel estatal, nacional, en ferias y expo ventas.<\/p>\n\n\n\n<p>Destac\u00f3 que a pesar de la pandemia de Covid-19, que ha frenado actividades tanto econ\u00f3micas como sociales, los artesanos no han parado de trabajar, ya que es el sustento de muchas familias.<\/p>\n\n\n\n<p>\u201cHoy los artesanos deben contar con una remuneraci\u00f3n bien pagada, ya se acab\u00f3 ese abuso, ese gobierno de escritorio, ahora entregaremos resultados\u201d, coment\u00f3.<\/p>\n\n\n\n<p>Acompa\u00f1ado de la presidenta de comunidad, Celia Montiel Serrano, y del Coordinador de Cultura del municipio de Tzompantepec, Luis Felipe de Jes\u00fas Montiel V\u00e1zquez iniciaron el programa ante alrededor de 30 artesanos.<\/p>\n\n\n\n<p>En su momento, Montiel Serrano agradeci\u00f3 a la gobernadora del estado Lorena Cu\u00e9llar y al director de la Casa de las Artesan\u00edas, Sa\u00fal P\u00e9rez, por el apoyo ante las carencias econ\u00f3micas que se han tenido.<\/p>\n","protected":false},"excerpt":{"rendered":"<p>*\u00a0 El gobierno estatal acerca los servicios directamente a las comunidades. Casa de las Artesan\u00edas de Tlaxcala (CAT) inici\u00f3 formalmente el programa de \u201cCredencializaci\u00f3n y Atenci\u00f3n en Tu Municipio\u201d en Tzompantepec e Ixtenco, con la finalidad de que los creadores ingresen al Padr\u00f3n Artesanal del Estado para que tengan la posibilidad de acceder a los [&hellip;]<\/p>\n","protected":false},"author":12,"featured_media":0,"comment_status":"closed","ping_status":"open","sticky":false,"template":"","format":"standard","meta":{"om_disable_all_campaigns":false,"_monsterinsights_skip_tracking":false,"_monsterinsights_sitenote_active":false,"_monsterinsights_sitenote_note":"","_monsterinsights_sitenote_category":0,"jnews-multi-image_gallery":[],"jnews_single_post":[],"jnews_primary_category":[],"footnotes":""},"categories":[],"tags":[],"class_list":["post-77303","post","type-post","status-publish","format-standard","hentry"],"aioseo_notices":[],"_links":{"self":[{"href":"https:\/\/estado29.mx\/index.php?rest_route=\/wp\/v2\/posts\/77303","targetHints":{"allow":["GET"]}}],"collection":[{"href":"https:\/\/estado29.mx\/index.php?rest_route=\/wp\/v2\/posts"}],"about":[{"href":"https:\/\/estado29.mx\/index.php?rest_route=\/wp\/v2\/types\/post"}],"author":[{"embeddable":true,"href":"https:\/\/estado29.mx\/index.php?rest_route=\/wp\/v2\/users\/12"}],"replies":[{"embeddable":true,"href":"https:\/\/estado29.mx\/index.php?rest_route=%2Fwp%2Fv2%2Fcomments&post=77303"}],"version-history":[{"count":1,"href":"https:\/\/estado29.mx\/index.php?rest_route=\/wp\/v2\/posts\/77303\/revisions"}],"predecessor-version":[{"id":77306,"href":"https:\/\/estado29.mx\/index.php?rest_route=\/wp\/v2\/posts\/77303\/revisions\/77306"}],"wp:attachment":[{"href":"https:\/\/estado29.mx\/index.php?rest_route=%2Fwp%2Fv2%2Fmedia&parent=77303"}],"wp:term":[{"taxonomy":"category","embeddable":true,"href":"https:\/\/estado29.mx\/index.php?rest_route=%2Fwp%2Fv2%2Fcategories&post=77303"},{"taxonomy":"post_tag","embeddable":true,"href":"https:\/\/estado29.mx\/index.php?rest_route=%2Fwp%2Fv2%2Ftags&post=77303"}],"curies":[{"name":"wp","href":"https:\/\/api.w.org\/{rel}","templated":true}]}}