{"id":77351,"date":"2021-10-13T07:41:50","date_gmt":"2021-10-13T12:41:50","guid":{"rendered":"https:\/\/estado29.mx\/?p=77351"},"modified":"2021-10-13T07:42:04","modified_gmt":"2021-10-13T12:42:04","slug":"escalinatas-de-tlaxcala-se-iluminan-de-rosa-por-la-lucha-contra-el-cancer-de-mama","status":"publish","type":"post","link":"https:\/\/estado29.mx\/?p=77351","title":{"rendered":"Escalinatas de Tlaxcala se iluminan de rosa por la lucha contra el c\u00e1ncer de mama"},"content":{"rendered":"\n<p><em>*Se buscan encender la conciencia de la gente para que est\u00e9 atenta de las se\u00f1ales y s\u00edntomas, a fin de detectar la enfermedad a tiempo.<\/em><\/p>\n\n\n\n<p>La gobernadora Lorena Cu\u00e9llar Cisneros, junto con la presidenta honor\u00edfica y la directora del Sistema Estatal para el Desarrollo Integral de la Familia (Sedif), Mariana Espinosa de los Monteros Cu\u00e9llar y Laura Garc\u00eda S\u00e1nchez, respectivamente, encendieron la iluminaci\u00f3n en color rosa de las Escalinatas de los H\u00e9roes en la capital tlaxcalteca, como parte de las actividades de la lucha contra el c\u00e1ncer de mama.<\/p>\n\n\n\n<p>Al pie de las escalinatas se dieron cita representantes de los Poderes Ejecutivo y Legislativo, adem\u00e1s las presidentas de los Sistemas Municipales DIF, as\u00ed como personal del Sedif e integrantes del gabinete del Gobierno del Estado, para el conteo que dio paso al encendido de la luces rosas que tienen el objetivo de sensibilizar a la poblaci\u00f3n para fomentar la autoexploraci\u00f3n, la detecci\u00f3n oportuna y atenci\u00f3n inmediata del c\u00e1ncer de mama, que es una de las principales causas de muerte entre las mujeres en el pa\u00eds.<\/p>\n\n\n\n<p>En el evento, Lorena Cu\u00e9llar resalt\u00f3 que el gobierno que encabeza tiene el compromiso de garantizar la salud de todas y todos. Agreg\u00f3 que el c\u00e1ncer de mama es un problema que aqueja a muchas mujeres en la entidad, incluso que se coloca como uno de los que m\u00e1s decesos ocasiona entre las mujeres de 20 a 59 a\u00f1os de edad; solo en el a\u00f1o 2020 hubo 54 casos nuevos.<\/p>\n\n\n\n<p>Con la iluminaci\u00f3n de uno de los lugares emblem\u00e1ticos de la ciudad de Tlaxcala, el Gobierno del Estado y el Sedif, buscan encender la conciencia de la ciudadan\u00eda para que est\u00e9 atenta de las se\u00f1ales y s\u00edntomas para detectar la enfermedad a tiempo.<\/p>\n\n\n\n<p>Con esas acciones la gobernadora tiene el objetivo de incentivar a la mujer tlaxcalteca a tener conciencia sobre el autocuidado a trav\u00e9s de la exploraci\u00f3n de mamas, as\u00ed como el acudir a recibir valoraci\u00f3n m\u00e9dica cuando sea pertinente, a fin de evitar escenarios desafortunados en su estado de salud.<\/p>\n","protected":false},"excerpt":{"rendered":"<p>*Se buscan encender la conciencia de la gente para que est\u00e9 atenta de las se\u00f1ales y s\u00edntomas, a fin de detectar la enfermedad a tiempo. La gobernadora Lorena Cu\u00e9llar Cisneros, junto con la presidenta honor\u00edfica y la directora del Sistema Estatal para el Desarrollo Integral de la Familia (Sedif), Mariana Espinosa de los Monteros Cu\u00e9llar [&hellip;]<\/p>\n","protected":false},"author":12,"featured_media":0,"comment_status":"closed","ping_status":"open","sticky":false,"template":"","format":"standard","meta":{"om_disable_all_campaigns":false,"_monsterinsights_skip_tracking":false,"_monsterinsights_sitenote_active":false,"_monsterinsights_sitenote_note":"","_monsterinsights_sitenote_category":0,"jnews-multi-image_gallery":[],"jnews_single_post":[],"jnews_primary_category":[],"footnotes":""},"categories":[],"tags":[],"class_list":["post-77351","post","type-post","status-publish","format-standard","hentry"],"aioseo_notices":[],"_links":{"self":[{"href":"https:\/\/estado29.mx\/index.php?rest_route=\/wp\/v2\/posts\/77351","targetHints":{"allow":["GET"]}}],"collection":[{"href":"https:\/\/estado29.mx\/index.php?rest_route=\/wp\/v2\/posts"}],"about":[{"href":"https:\/\/estado29.mx\/index.php?rest_route=\/wp\/v2\/types\/post"}],"author":[{"embeddable":true,"href":"https:\/\/estado29.mx\/index.php?rest_route=\/wp\/v2\/users\/12"}],"replies":[{"embeddable":true,"href":"https:\/\/estado29.mx\/index.php?rest_route=%2Fwp%2Fv2%2Fcomments&post=77351"}],"version-history":[{"count":1,"href":"https:\/\/estado29.mx\/index.php?rest_route=\/wp\/v2\/posts\/77351\/revisions"}],"predecessor-version":[{"id":77354,"href":"https:\/\/estado29.mx\/index.php?rest_route=\/wp\/v2\/posts\/77351\/revisions\/77354"}],"wp:attachment":[{"href":"https:\/\/estado29.mx\/index.php?rest_route=%2Fwp%2Fv2%2Fmedia&parent=77351"}],"wp:term":[{"taxonomy":"category","embeddable":true,"href":"https:\/\/estado29.mx\/index.php?rest_route=%2Fwp%2Fv2%2Fcategories&post=77351"},{"taxonomy":"post_tag","embeddable":true,"href":"https:\/\/estado29.mx\/index.php?rest_route=%2Fwp%2Fv2%2Ftags&post=77351"}],"curies":[{"name":"wp","href":"https:\/\/api.w.org\/{rel}","templated":true}]}}