{"id":77367,"date":"2021-10-13T15:34:30","date_gmt":"2021-10-13T20:34:30","guid":{"rendered":"https:\/\/estado29.mx\/?p=77367"},"modified":"2021-10-13T15:34:46","modified_gmt":"2021-10-13T20:34:46","slug":"asiste-lorena-ruiz-garcia-a-la-firma-de-convenio-de-colaboracion-entre-uat-y-cedh","status":"publish","type":"post","link":"https:\/\/estado29.mx\/?p=77367","title":{"rendered":"Asiste Lorena Ru\u00edz Garc\u00eda a la firma de Convenio de colaboraci\u00f3n entre UAT y CEDH"},"content":{"rendered":"\n<p>Con invitaci\u00f3n de\u00a0 la secretaria t\u00e9cnica del comit\u00e9 Acad\u00e9mico de Posgrado Interinstitucional de Derechos Humanos (PIDH) de la Universidad Aut\u00f3noma de Tlaxcala, la diputada local Lorena Ru\u00edz Garc\u00eda, asisti\u00f3 a la firma de convenio de colaboraci\u00f3n entre la m\u00e1xima casa de estudios y la Comisi\u00f3n Estatal de Derechos Humanos en Tlaxcala, para fortalecer el v\u00ednculo de colaboraci\u00f3n, investigaci\u00f3n y difusi\u00f3n de los derechos humanos entre ambas instituciones.<\/p>\n\n\n\n<figure class=\"wp-block-gallery columns-1 is-cropped wp-block-gallery-1 is-layout-flex wp-block-gallery-is-layout-flex\"><ul class=\"blocks-gallery-grid\"><li class=\"blocks-gallery-item\"><figure><img decoding=\"async\" src=\"https:\/\/estado29.mx\/wp-content\/uploads\/2021\/10\/8f05ae80-da15-4d60-bd63-8c7555f4f810-1024x768.jpg\" alt=\"\" data-id=\"77370\" data-full-url=\"https:\/\/estado29.mx\/wp-content\/uploads\/2021\/10\/8f05ae80-da15-4d60-bd63-8c7555f4f810.jpg\" data-link=\"https:\/\/estado29.mx\/?attachment_id=77370\" class=\"wp-image-77370\"\/><\/figure><\/li><\/ul><\/figure>\n\n\n\n<p><\/p>\n\n\n\n<p>Al respecto, la legisladora local manifest\u00f3&nbsp; su benepl\u00e1cito por ser part\u00edcipe de una firma tan importante y de beneficio para la sociedad tlaxcalteca, mediante procesos de investigaci\u00f3n y difusi\u00f3n en torno a los derechos humanos.<\/p>\n\n\n\n<p>Es de importancia mencionar, que la firma del convenio de colaboraci\u00f3n que celebr\u00f3 la Universidad Aut\u00f3noma de Tlaxcala con la Comisi\u00f3n Estatal de Derechos Humanos (CEDH), tiene como tarea principal fortalecer el v\u00ednculo de colaboraci\u00f3n, investigaci\u00f3n y difusi\u00f3n de los derechos humanos;&nbsp; con las r\u00fabricas de Jakqueline Ordo\u00f1ez Brasdefer, Consejera Presidenta de la CEDH y Luis Armando Gonz\u00e1lez Placencia, rector de la UAT.<\/p>\n\n\n\n<p>Posterior a la firma, se dio lugar&nbsp; al conversatorio \u201cDerechos Humanos: el desaf\u00edo&nbsp; para las mujeres ante la COVID-19\u201d, participando como panelistas Nashieli Ram\u00edrez Hern\u00e1ndez, Georgina RU\u00cdZ Toledo y la ombusperson Jakqueline Ordo\u00f1ez Brasdefer.<\/p>\n","protected":false},"excerpt":{"rendered":"<p>Con invitaci\u00f3n de\u00a0 la secretaria t\u00e9cnica del comit\u00e9 Acad\u00e9mico de Posgrado Interinstitucional de Derechos Humanos (PIDH) de la Universidad Aut\u00f3noma de Tlaxcala, la diputada local Lorena Ru\u00edz Garc\u00eda, asisti\u00f3 a la firma de convenio de colaboraci\u00f3n entre la m\u00e1xima casa de estudios y la Comisi\u00f3n Estatal de Derechos Humanos en Tlaxcala, para fortalecer el v\u00ednculo [&hellip;]<\/p>\n","protected":false},"author":12,"featured_media":0,"comment_status":"closed","ping_status":"open","sticky":false,"template":"","format":"standard","meta":{"om_disable_all_campaigns":false,"_monsterinsights_skip_tracking":false,"_monsterinsights_sitenote_active":false,"_monsterinsights_sitenote_note":"","_monsterinsights_sitenote_category":0,"jnews-multi-image_gallery":[],"jnews_single_post":[],"jnews_primary_category":[],"footnotes":""},"categories":[],"tags":[],"class_list":["post-77367","post","type-post","status-publish","format-standard","hentry"],"aioseo_notices":[],"_links":{"self":[{"href":"https:\/\/estado29.mx\/index.php?rest_route=\/wp\/v2\/posts\/77367","targetHints":{"allow":["GET"]}}],"collection":[{"href":"https:\/\/estado29.mx\/index.php?rest_route=\/wp\/v2\/posts"}],"about":[{"href":"https:\/\/estado29.mx\/index.php?rest_route=\/wp\/v2\/types\/post"}],"author":[{"embeddable":true,"href":"https:\/\/estado29.mx\/index.php?rest_route=\/wp\/v2\/users\/12"}],"replies":[{"embeddable":true,"href":"https:\/\/estado29.mx\/index.php?rest_route=%2Fwp%2Fv2%2Fcomments&post=77367"}],"version-history":[{"count":1,"href":"https:\/\/estado29.mx\/index.php?rest_route=\/wp\/v2\/posts\/77367\/revisions"}],"predecessor-version":[{"id":77371,"href":"https:\/\/estado29.mx\/index.php?rest_route=\/wp\/v2\/posts\/77367\/revisions\/77371"}],"wp:attachment":[{"href":"https:\/\/estado29.mx\/index.php?rest_route=%2Fwp%2Fv2%2Fmedia&parent=77367"}],"wp:term":[{"taxonomy":"category","embeddable":true,"href":"https:\/\/estado29.mx\/index.php?rest_route=%2Fwp%2Fv2%2Fcategories&post=77367"},{"taxonomy":"post_tag","embeddable":true,"href":"https:\/\/estado29.mx\/index.php?rest_route=%2Fwp%2Fv2%2Ftags&post=77367"}],"curies":[{"name":"wp","href":"https:\/\/api.w.org\/{rel}","templated":true}]}}