{"id":77393,"date":"2021-10-14T07:45:45","date_gmt":"2021-10-14T12:45:45","guid":{"rendered":"https:\/\/estado29.mx\/?p=77393"},"modified":"2021-10-14T07:45:57","modified_gmt":"2021-10-14T12:45:57","slug":"aprueba-h-consejo-tecnico-del-imss-contrato-colectivo-de-trabajo-2021-2023","status":"publish","type":"post","link":"https:\/\/estado29.mx\/?p=77393","title":{"rendered":"Aprueba H. Consejo T\u00e9cnico del IMSS Contrato Colectivo de Trabajo 2021-2023"},"content":{"rendered":"\n<p>\u00b7\u00a0\u00a0\u00a0\u00a0\u00a0\u00a0\u00a0\u00a0\u00a0<strong>El IMSS y el SNTSS han logrado trabajar de manera s\u00f3lida, fuerte, con un mejor entendimiento, destac\u00f3 el director Zo\u00e9 Robledo.<\/strong><\/p>\n\n\n\n<p>\u00b7&nbsp;&nbsp;&nbsp;&nbsp;&nbsp;&nbsp;&nbsp;&nbsp;&nbsp;<strong>Los consejeros de los sectores obrero y patronal reconocieron los esfuerzos de ambas partes para llegar a un acuerdo.<\/strong><\/p>\n\n\n\n<p>El H. Consejo T\u00e9cnico del Instituto Mexicano del Seguro Social (IMSS) aprob\u00f3 por unanimidad la Revisi\u00f3n Integral del Contrato Colectivo de Trabajo, Bienio 2021-2023, entre el Instituto y el Sindicato Nacional de Trabajadores del Seguro Social (SNTSS), el cual refrenda el compromiso de mejorar las condiciones para la clase trabajadora.<\/p>\n\n\n\n<p>En sesi\u00f3n extraordinaria, el director general del Seguro Social, Maestro Zo\u00e9 Robledo, expres\u00f3 que el Sindicato ha estado abierto al proceso de cambio y de transformaci\u00f3n que desde el Instituto se ha planteado a partir de la 110 Asamblea General, pero tambi\u00e9n en funci\u00f3n de los \u00faltimos 20 meses que han vivido la instituci\u00f3n y los trabajadores.<\/p>\n\n\n\n<p>Agreg\u00f3 que el Contrato Colectivo de Trabajo ayudar\u00e1 a la instituci\u00f3n a ser \u201cm\u00e1s fuerte y m\u00e1s eficiente\u201d.<\/p>\n\n\n\n<p>\u201cUno de los datos para m\u00ed m\u00e1s destacables, el que tiene que ver con nuestra actualizaci\u00f3n de diferentes normas, es esta Comisi\u00f3n Bilateral que se crea ahora para el reconocimiento de las trabajadoras, de las enfermeras, como Licenciadas en Enfermer\u00eda. Es algo en lo que el pa\u00eds est\u00e1 desde 2013 con reformas a la Ley General de Salud\u201d, indic\u00f3.<\/p>\n\n\n\n<p>Se\u00f1al\u00f3 que la relaci\u00f3n con el Sindicato ha sido de solidaridad y responsabilidad, y con su dirigente, doctor Arturo Olivares Cerda, se ha logrado trabajar de manera s\u00f3lida y fuerte, con un mejor entendimiento en los temas de seguridad social.<\/p>\n\n\n\n<p>\u201cSigamos trabajando como lo hemos hecho, en las buenas y en las malas, en los tiempos de abundancia y tambi\u00e9n en los de escasez,&nbsp; y sobre todo en procesos tan complejos como la pandemia el Sindicato siempre estuvo ah\u00ed cuando se le pidi\u00f3\u201d, coment\u00f3.<\/p>\n\n\n\n<p>Por su parte, el director de Administraci\u00f3n, Borsalino Gonz\u00e1lez Andrade, destac\u00f3 algunos beneficios que tendr\u00e1n los trabajadores: Equipo de Protecci\u00f3n Personal en casos de emergencia sanitaria, ampliaci\u00f3n del servicio de guarder\u00eda, permisos econ\u00f3micos para padres con hijos menores de 16 a\u00f1os con tratamiento oncol\u00f3gico, licencias por incapacidad sin afectar est\u00edmulos por asistencias a las trabajadoras embarazadas, atenci\u00f3n m\u00e9dica y psicol\u00f3gica oportuna por estr\u00e9s postraum\u00e1tico, entre otros.<\/p>\n\n\n\n<p>Explic\u00f3 que tras analizarse las necesidades sindicales por parte de los trabajadores, se acord\u00f3, primero, aprobar los t\u00e9rminos de la contestaci\u00f3n al Pliego Petitorio con Emplazamiento a Huelga por Revisi\u00f3n Contractual y Salarial, del Sindicato Nacional de Trabajadores del Seguro Social.<\/p>\n\n\n\n<p>En segundo lugar se acord\u00f3 tomar conocimiento de las pl\u00e1ticas y audiencias de conciliaci\u00f3n realizadas entre el Seguro Social, representado por las Direcciones de Administraci\u00f3n y Jur\u00eddica, y el SNTSS, con motivo de la revisi\u00f3n del Contrato Colectivo de Trabajo.<\/p>\n\n\n\n<p>Agreg\u00f3 que un tercer acuerdo es autorizar al director general para que formalice los acuerdos alcanzados con el SNTSS, dentro del procedimiento de revisi\u00f3n del Contrato Colectivo de Trabajo aplicable para el Bienio 2021-2023, que regir\u00e1 las relaciones laborales de los trabajadores del Instituto durante dicho periodo, mediante la celebraci\u00f3n del Convenio respectivo.<\/p>\n\n\n\n<p>Al respecto, el consejero Jos\u00e9 Luis Carazo Preciado, representante de la Confederaci\u00f3n de Trabajadores de M\u00e9xico (CTM), destac\u00f3 que mediante el di\u00e1logo social, entendimiento y capacidad se lleg\u00f3 a un acuerdo muy importante entre el Sindicato y la Instituci\u00f3n que m\u00e1s ha combatido el principal problema de salud de COVID-19.<\/p>\n\n\n\n<p>Por su parte, el consejero Jorge D\u00e1vila Gir\u00f3n, representante de CONCANACO-SERVYTUR, dijo que uno de los \u00e9xitos de esta administraci\u00f3n es la relaci\u00f3n que se ha establecido con el Sindicato, mediante puentes de entendimiento para que la derechohabiencia vea reflejado ese trabajo.<\/p>\n\n\n\n<p>En tanto, el consejero Rodolfo Gerardo Gonz\u00e1lez Guzm\u00e1n, de la Confederaci\u00f3n Regional Obrera Mexicana (CROM), afirm\u00f3 que \u201ctodos en este di\u00e1logo social empujamos en el mismo sentido de fortalecer a la Instituci\u00f3n que sigue velando por la salud de m\u00e1s de 60 millones de mexicanos\u201d.<\/p>\n\n\n\n<p>A su vez, el consejero Sergio Beltr\u00e1n Reyes, del Sindicato Nacional de Trabajadores Mineros, Metal\u00fargicos, Sider\u00fargicos y Similares de la Rep\u00fablica Mexicana (SNTMMSSRM), expuso que el Instituto y el SNTSS necesitaban de una negociaci\u00f3n responsable y consciente, en los mejores t\u00e9rminos para ambas partes, a fin de mejorar las condiciones de trabajo.<\/p>\n\n\n\n<p>En otro tema, el director general del IMSS, Zo\u00e9 Robledo, mand\u00f3 un saludo a los integrantes de las comisiones de Seguridad Social y de Salud de la C\u00e1mara de Diputados, que recientemente se instalaron.<\/p>\n\n\n\n<p>\u201cEstoy seguro que ser\u00e1n comisiones legislativas con las que tendremos un amplio di\u00e1logo, me parece importante destacar la voluntad del Instituto, a trav\u00e9s de su m\u00e1ximo \u00f3rgano de gobierno, el Consejo T\u00e9cnico\u201d, resalt\u00f3.<\/p>\n\n\n\n<p>Adem\u00e1s, los integrantes del H. Consejo T\u00e9cnico del Seguro Social hicieron un reconocimiento al consejero de CONCAMIN, Francisco Alberto Cervantes D\u00edaz, quien luego de 40 meses concluye su encargo al frente de este \u00f3rgano de representaci\u00f3n tripartita.<\/p>\n\n\n\n<p>El director Zo\u00e9 Robledo reconoci\u00f3 las aportaciones de Cervantes D\u00edaz en la toma de decisiones al interior del Consejo T\u00e9cnico. \u201cMuchas veces ampli\u00f3 su car\u00e1cter de consejero y fue un puente muy importante en diferentes procesos, fue un gran puente entre el Instituto, el gobierno federal y los empresarios de M\u00e9xico\u201d.<\/p>\n\n\n\n<p>Al respecto, Francisco Cervantes D\u00edaz agradeci\u00f3 las palabras del director general y se\u00f1al\u00f3 que fue un privilegio trabajar de la mano con todos los consejeros en las decisiones de cambio para el pa\u00eds.<\/p>\n\n\n\n<p>Asistieron a la sesi\u00f3n extraordinaria el secretario general del Seguro Social, Marcos Bucio M\u00fajica; los representantes del sector obrero, Jos\u00e9 Luis Carazo Preciado, de la Confederaci\u00f3n de Trabajadores de M\u00e9xico (CTM); Rodolfo Gerardo Gonz\u00e1lez Guzm\u00e1n, secretario General de la Confederaci\u00f3n Regional Obrera Mexicana (CROM); y el representante del sector patronal, Jorge D\u00e1vila Gir\u00f3n, consejero suplente por la Confederaci\u00f3n&nbsp; de&nbsp; C\u00e1maras Nacionales&nbsp; de&nbsp; Comercio,&nbsp; Servicios y Turismo (CONCANACO-SERVYTUR).<\/p>\n\n\n\n<p>A trav\u00e9s de videoconferencia, asistieron por el sector obrero Jos\u00e9 No\u00e9 Mario Moreno Carbajal, de la Confederaci\u00f3n Revolucionaria de Obreros y Campesinos (CROC); Sergio Beltr\u00e1n Reyes, del Sindicato Nacional de Trabajadores Mineros, Metal\u00fargicos, Sider\u00fargicos y Similares de la Rep\u00fablica Mexicana (SNTMMSSRM).<\/p>\n\n\n\n<p>Adem\u00e1s los representantes del sector patronal, Manuel Reguera Rodr\u00edguez y Salom\u00f3n Presburguer Slovik, de la Confederaci\u00f3n de C\u00e1maras Industriales de los Estados Unidos Mexicanos (CONCAMIN); del sector gubernamental, Omar Antonio Nicol\u00e1s Tovar Ornelas, director general de Programaci\u00f3n y Presupuesto \u201cA\u201d de la Subsecretar\u00eda de Egresos de la Secretar\u00eda de Hacienda y Cr\u00e9dito P\u00fablico (SHCP); Alejandro Salafranca V\u00e1zquez, titular de la Unidad de Trabajo Digno de la Secretar\u00eda del Trabajo y Previsi\u00f3n Social (STPS). Y como invitada, Paola Patricia Cerda Sauvage, delegada y comisaria p\u00fablica propietaria de la Coordinaci\u00f3n General de \u00d3rganos de Vigilancia y Control de la Secretar\u00eda de la Funci\u00f3n P\u00fablica (SFP).<\/p>\n","protected":false},"excerpt":{"rendered":"<p>\u00b7\u00a0\u00a0\u00a0\u00a0\u00a0\u00a0\u00a0\u00a0\u00a0El IMSS y el SNTSS han logrado trabajar de manera s\u00f3lida, fuerte, con un mejor entendimiento, destac\u00f3 el director Zo\u00e9 Robledo. \u00b7&nbsp;&nbsp;&nbsp;&nbsp;&nbsp;&nbsp;&nbsp;&nbsp;&nbsp;Los consejeros de los sectores obrero y patronal reconocieron los esfuerzos de ambas partes para llegar a un acuerdo. El H. Consejo T\u00e9cnico del Instituto Mexicano del Seguro Social (IMSS) aprob\u00f3 por unanimidad la [&hellip;]<\/p>\n","protected":false},"author":12,"featured_media":0,"comment_status":"closed","ping_status":"open","sticky":false,"template":"","format":"standard","meta":{"om_disable_all_campaigns":false,"_monsterinsights_skip_tracking":false,"_monsterinsights_sitenote_active":false,"_monsterinsights_sitenote_note":"","_monsterinsights_sitenote_category":0,"jnews-multi-image_gallery":[],"jnews_single_post":[],"jnews_primary_category":[],"footnotes":""},"categories":[],"tags":[],"class_list":["post-77393","post","type-post","status-publish","format-standard","hentry"],"aioseo_notices":[],"_links":{"self":[{"href":"https:\/\/estado29.mx\/index.php?rest_route=\/wp\/v2\/posts\/77393","targetHints":{"allow":["GET"]}}],"collection":[{"href":"https:\/\/estado29.mx\/index.php?rest_route=\/wp\/v2\/posts"}],"about":[{"href":"https:\/\/estado29.mx\/index.php?rest_route=\/wp\/v2\/types\/post"}],"author":[{"embeddable":true,"href":"https:\/\/estado29.mx\/index.php?rest_route=\/wp\/v2\/users\/12"}],"replies":[{"embeddable":true,"href":"https:\/\/estado29.mx\/index.php?rest_route=%2Fwp%2Fv2%2Fcomments&post=77393"}],"version-history":[{"count":1,"href":"https:\/\/estado29.mx\/index.php?rest_route=\/wp\/v2\/posts\/77393\/revisions"}],"predecessor-version":[{"id":77396,"href":"https:\/\/estado29.mx\/index.php?rest_route=\/wp\/v2\/posts\/77393\/revisions\/77396"}],"wp:attachment":[{"href":"https:\/\/estado29.mx\/index.php?rest_route=%2Fwp%2Fv2%2Fmedia&parent=77393"}],"wp:term":[{"taxonomy":"category","embeddable":true,"href":"https:\/\/estado29.mx\/index.php?rest_route=%2Fwp%2Fv2%2Fcategories&post=77393"},{"taxonomy":"post_tag","embeddable":true,"href":"https:\/\/estado29.mx\/index.php?rest_route=%2Fwp%2Fv2%2Ftags&post=77393"}],"curies":[{"name":"wp","href":"https:\/\/api.w.org\/{rel}","templated":true}]}}