{"id":77401,"date":"2021-10-14T07:51:46","date_gmt":"2021-10-14T12:51:46","guid":{"rendered":"https:\/\/estado29.mx\/?p=77401"},"modified":"2021-10-14T07:51:56","modified_gmt":"2021-10-14T12:51:56","slug":"conalep-tlaxcala-establece-el-primer-convenio-de-colaboracion-con-el-poder-judicial-en-el-pais","status":"publish","type":"post","link":"https:\/\/estado29.mx\/?p=77401","title":{"rendered":"CONALEP Tlaxcala establece el primer convenio de colaboraci\u00f3n con el Poder Judicial en el pa\u00eds"},"content":{"rendered":"\n<p><em>*El acuerdo tiene como objetivo formar a los estudiantes como mediadores escolares.<\/em><\/p>\n\n\n\n<p>El Colegio Nacional de Educaci\u00f3n Profesional T\u00e9cnica (Conalep) en Tlaxcala sign\u00f3 convenio de colaboraci\u00f3n con el Poder Judicial local para que el Centro Estatal de Justicia Alternativa (CEJA), capacite a los estudiantes con mecanismos de mediaci\u00f3n que les permitan resolver pac\u00edficamente conflictos en sus planteles, hogares y comunidades.<\/p>\n\n\n\n<p>La directora del subsistema, Luz Vera D\u00edaz, inform\u00f3 que la estrategia forma parte del proyecto nacional \u201cJ\u00f3venes por la Paz\u201d y atiende a las instrucciones de la gobernadora Lorena Cu\u00e9llar Cisneros de generar mecanismos para la reconstrucci\u00f3n del tejido social.<\/p>\n\n\n\n<p>\u201cEs aqu\u00ed donde surge la necesidad de incorporar activamente a la poblaci\u00f3n estudiantil, egresadas y egresados, la comunidad docente y administrativa de todos los planteles en dicho proyecto, cuyo objetivo principal es promover la participaci\u00f3n de estos actores en programas que contribuyan a la paz social en M\u00e9xico\u201d, expuso.<\/p>\n\n\n\n<p>En su intervenci\u00f3n, el titular de la Secretar\u00eda de Educaci\u00f3n P\u00fablica del Estado (SEPE), Homero Meneses Hern\u00e1ndez, resalt\u00f3 la suma de esfuerzos entre los Poderes Ejecutivo y Judicial para fortalecer a las instituciones educativas, ya que Tlaxcala es la primera entidad donde el Conalep establece un convenio de ese tipo, que lo coloca como ejemplo a nivel nacional.<\/p>\n\n\n\n<p>Durante su intervenci\u00f3n el magistrado presidente del Tribunal Superior de Justicia del Estado (TSJE), H\u00e9ctor Maldonado Bonilla, enfatiz\u00f3 que los medios alternativos de soluci\u00f3n de conflictos que aprender\u00e1n los profesionales t\u00e9cnicos son procedimientos para alcanzar acuerdos y soluciones.<\/p>\n\n\n\n<p>\u201cCambiar\u00e1 la concepci\u00f3n y la forma de abordar los conflictos y dar\u00e1 paso a una visi\u00f3n transformadora que impacte en las escuelas, las familias y en las comunidades, sobre todo en los momentos actuales que vivimos\u201d, se\u00f1al\u00f3.<\/p>\n\n\n\n<p>El evento protocolario fue atestiguado por el director de Vinculaci\u00f3n Social de oficinas nacionales del Conalep, Mauricio \u00c1ngeles Asenjo; la directora del CEJA, Georgette Alejandra Pointelin Gonz\u00e1lez; personal acad\u00e9mico y administrativo del subsistema.<\/p>\n","protected":false},"excerpt":{"rendered":"<p>*El acuerdo tiene como objetivo formar a los estudiantes como mediadores escolares. El Colegio Nacional de Educaci\u00f3n Profesional T\u00e9cnica (Conalep) en Tlaxcala sign\u00f3 convenio de colaboraci\u00f3n con el Poder Judicial local para que el Centro Estatal de Justicia Alternativa (CEJA), capacite a los estudiantes con mecanismos de mediaci\u00f3n que les permitan resolver pac\u00edficamente conflictos en [&hellip;]<\/p>\n","protected":false},"author":12,"featured_media":0,"comment_status":"closed","ping_status":"open","sticky":false,"template":"","format":"standard","meta":{"om_disable_all_campaigns":false,"_monsterinsights_skip_tracking":false,"_monsterinsights_sitenote_active":false,"_monsterinsights_sitenote_note":"","_monsterinsights_sitenote_category":0,"jnews-multi-image_gallery":[],"jnews_single_post":[],"jnews_primary_category":[],"footnotes":""},"categories":[],"tags":[],"class_list":["post-77401","post","type-post","status-publish","format-standard","hentry"],"aioseo_notices":[],"_links":{"self":[{"href":"https:\/\/estado29.mx\/index.php?rest_route=\/wp\/v2\/posts\/77401","targetHints":{"allow":["GET"]}}],"collection":[{"href":"https:\/\/estado29.mx\/index.php?rest_route=\/wp\/v2\/posts"}],"about":[{"href":"https:\/\/estado29.mx\/index.php?rest_route=\/wp\/v2\/types\/post"}],"author":[{"embeddable":true,"href":"https:\/\/estado29.mx\/index.php?rest_route=\/wp\/v2\/users\/12"}],"replies":[{"embeddable":true,"href":"https:\/\/estado29.mx\/index.php?rest_route=%2Fwp%2Fv2%2Fcomments&post=77401"}],"version-history":[{"count":1,"href":"https:\/\/estado29.mx\/index.php?rest_route=\/wp\/v2\/posts\/77401\/revisions"}],"predecessor-version":[{"id":77404,"href":"https:\/\/estado29.mx\/index.php?rest_route=\/wp\/v2\/posts\/77401\/revisions\/77404"}],"wp:attachment":[{"href":"https:\/\/estado29.mx\/index.php?rest_route=%2Fwp%2Fv2%2Fmedia&parent=77401"}],"wp:term":[{"taxonomy":"category","embeddable":true,"href":"https:\/\/estado29.mx\/index.php?rest_route=%2Fwp%2Fv2%2Fcategories&post=77401"},{"taxonomy":"post_tag","embeddable":true,"href":"https:\/\/estado29.mx\/index.php?rest_route=%2Fwp%2Fv2%2Ftags&post=77401"}],"curies":[{"name":"wp","href":"https:\/\/api.w.org\/{rel}","templated":true}]}}