{"id":77409,"date":"2021-10-14T07:57:07","date_gmt":"2021-10-14T12:57:07","guid":{"rendered":"https:\/\/estado29.mx\/?p=77409"},"modified":"2021-10-14T07:57:21","modified_gmt":"2021-10-14T12:57:21","slug":"toma-protesta-mario-delgado-a-comites-de-defensa-de-la-4t-en-tlaxcala","status":"publish","type":"post","link":"https:\/\/estado29.mx\/?p=77409","title":{"rendered":"Toma protesta Mario Delgado a Comit\u00e9s de defensa de la 4T en Tlaxcala."},"content":{"rendered":"\n<p>Durante su vista a Tlaxcala y como parte de los trabajos de restructuraci\u00f3n del Comit\u00e9 Ejecutivo Estatal de Morena en Tlaxcala que encabeza V\u00edctor Garc\u00eda Lozano, este mi\u00e9rcoles se llevaron a cabo tomas de protesta de Comit\u00e9s para la defensa de la 4T en Ixtacuixtla y Tlaxcala en presencia del Presidente Nacional del Movimiento Regeneraci\u00f3n Nacional (Morena), Mario Delgado Carrillo.<\/p>\n\n\n\n<p>Quien dirigi\u00f3 un mensaje contundente a los presentes, a quienes exhort\u00f3 a refrendar en las urnas de la consulta el trabajo realizado por el actual mandatario del pa\u00eds; de igual forma tomo protesta a los asistentes como parte de los Comit\u00e9s de Defensa de la 4T, siguiendo los principios del movimiento: \u201cNo, mentir, no robar y no traicionar al pueblo\u201d.<\/p>\n\n\n\n<p>Con el objetivo de estructurar las actividades correspondientes a la afiliaci\u00f3n y re afiliaci\u00f3n de dicho organismo pol\u00edtico, as\u00ed como encaminar las acciones con mira a la consulta popular de refrendo de mandato del Presidente de la Rep\u00fablica, que se llevar\u00e1 a cabo en marzo del 2022.<\/p>\n\n\n\n<p><br>En su intervenci\u00f3n V\u00edctor Garc\u00eda Lozano, presidente del Comit\u00e9 Ejecutivo Estatal de Morena en Tlaxcala hizo un llamado a los asistentes a organizarse, informarse y movilizarse como en las elecciones del 2018, donde con m\u00e1s de 30 millones de votos los mexicanos depositaron su confianza en el proyecto del actual presidente de M\u00e9xico, Andr\u00e9s Manuel L\u00f3pez Obrador. Afirm\u00f3 que es el momento perfecto para reactivar la base organizativa del partido a trav\u00e9s de Comit\u00e9s de Defensa de la 4T en todo el Estado.<\/p>\n\n\n\n<p>Tambi\u00e9n estuvo presente el Senador de la Rep\u00fablica con Licencia, Jos\u00e9 Alejandro Pe\u00f1a Villa Delegado Nacional de los Comit\u00e9s en Defensa de la 4T Quien invito a los asistentes y a la militancia tlaxcalteca a la alianza popular, que busca fomentar la participaci\u00f3n con la meta puesta en generar m\u00e1s de 165 mil Comit\u00e9s en todo el pa\u00eds.<\/p>\n\n\n\n<p><br>En la asamblea estuvieron el Coordinador Estatal de Comit\u00e9s en Defensa de la 4T Steve Del Razo, los coordinadores territoriales de los distritos 1,2 y 3: Marco Rojas, Erick Flores y Mauricio Pozos Casta\u00f1\u00f3n.<\/p>\n","protected":false},"excerpt":{"rendered":"<p>Durante su vista a Tlaxcala y como parte de los trabajos de restructuraci\u00f3n del Comit\u00e9 Ejecutivo Estatal de Morena en Tlaxcala que encabeza V\u00edctor Garc\u00eda Lozano, este mi\u00e9rcoles se llevaron a cabo tomas de protesta de Comit\u00e9s para la defensa de la 4T en Ixtacuixtla y Tlaxcala en presencia del Presidente Nacional del Movimiento Regeneraci\u00f3n [&hellip;]<\/p>\n","protected":false},"author":12,"featured_media":0,"comment_status":"closed","ping_status":"open","sticky":false,"template":"","format":"standard","meta":{"om_disable_all_campaigns":false,"_monsterinsights_skip_tracking":false,"_monsterinsights_sitenote_active":false,"_monsterinsights_sitenote_note":"","_monsterinsights_sitenote_category":0,"jnews-multi-image_gallery":[],"jnews_single_post":[],"jnews_primary_category":[],"footnotes":""},"categories":[],"tags":[],"class_list":["post-77409","post","type-post","status-publish","format-standard","hentry"],"aioseo_notices":[],"_links":{"self":[{"href":"https:\/\/estado29.mx\/index.php?rest_route=\/wp\/v2\/posts\/77409","targetHints":{"allow":["GET"]}}],"collection":[{"href":"https:\/\/estado29.mx\/index.php?rest_route=\/wp\/v2\/posts"}],"about":[{"href":"https:\/\/estado29.mx\/index.php?rest_route=\/wp\/v2\/types\/post"}],"author":[{"embeddable":true,"href":"https:\/\/estado29.mx\/index.php?rest_route=\/wp\/v2\/users\/12"}],"replies":[{"embeddable":true,"href":"https:\/\/estado29.mx\/index.php?rest_route=%2Fwp%2Fv2%2Fcomments&post=77409"}],"version-history":[{"count":1,"href":"https:\/\/estado29.mx\/index.php?rest_route=\/wp\/v2\/posts\/77409\/revisions"}],"predecessor-version":[{"id":77412,"href":"https:\/\/estado29.mx\/index.php?rest_route=\/wp\/v2\/posts\/77409\/revisions\/77412"}],"wp:attachment":[{"href":"https:\/\/estado29.mx\/index.php?rest_route=%2Fwp%2Fv2%2Fmedia&parent=77409"}],"wp:term":[{"taxonomy":"category","embeddable":true,"href":"https:\/\/estado29.mx\/index.php?rest_route=%2Fwp%2Fv2%2Fcategories&post=77409"},{"taxonomy":"post_tag","embeddable":true,"href":"https:\/\/estado29.mx\/index.php?rest_route=%2Fwp%2Fv2%2Ftags&post=77409"}],"curies":[{"name":"wp","href":"https:\/\/api.w.org\/{rel}","templated":true}]}}