{"id":77413,"date":"2021-10-14T15:13:01","date_gmt":"2021-10-14T20:13:01","guid":{"rendered":"https:\/\/estado29.mx\/?p=77413"},"modified":"2021-10-14T15:13:15","modified_gmt":"2021-10-14T20:13:15","slug":"realiza-comision-de-igualdad-de-genero-y-contra-la-trata-de-personas-segunda-sesion-ordinaria","status":"publish","type":"post","link":"https:\/\/estado29.mx\/?p=77413","title":{"rendered":"Realiza Comisi\u00f3n de Igualdad de G\u00e9nero y Contra la Trata de personas, segunda sesi\u00f3n ordinaria."},"content":{"rendered":"\n<p>De acuerdo a lo establecido en la ley org\u00e1nica del Congreso del Estado, en el art\u00edculo 78, capitulo s\u00e9ptimo de las comisiones del poder legislativo; este d\u00eda las integrantes de la Comisi\u00f3n de Igualdad de G\u00e9nero y Contra la Trata de Personas Lorena Ru\u00edz Garc\u00eda, en su calidad de presidenta; las vocales Blanca \u00c1guila Lima y Mar\u00eda Guillermina Loaiza Cortero, llevaron a cabo la segunda sesi\u00f3n ordinaria.<\/p>\n\n\n\n<p>Durante la sesi\u00f3n y con la asistencia de las integrantes de la comisi\u00f3n, les fue entregado por la Secretaria Parlamentaria el expediente de la iniciativa con proyecto de decreto para la reforma al C\u00f3digo Penal para el Estado de Tlaxcala y de la Ley de Salud, que fue presentada ante el pleno del Congreso local el pasado 28 de septiembre de la presente anualidad.<\/p>\n\n\n\n<p>De esta manera, el expediente parlamentario n\u00famero LXIV 027\/ 2021 fue compartido a cada una de las integrantes de la Comisi\u00f3n de Igualdad de G\u00e9nero y Contra la Trata de Personas, para analizarlo y una vez hecho el trabajo de observaci\u00f3n, se llevar\u00e1 a cabo una pr\u00f3xima reuni\u00f3n para determinar convocatorias de mesas de trabajo y foros para la valoraci\u00f3n y evaluaci\u00f3n de la propuesta de reforma al C\u00f3digo Penal para el Estado de Tlaxcala y de la Ley de Salud para la entidad.<\/p>\n","protected":false},"excerpt":{"rendered":"<p>De acuerdo a lo establecido en la ley org\u00e1nica del Congreso del Estado, en el art\u00edculo 78, capitulo s\u00e9ptimo de las comisiones del poder legislativo; este d\u00eda las integrantes de la Comisi\u00f3n de Igualdad de G\u00e9nero y Contra la Trata de Personas Lorena Ru\u00edz Garc\u00eda, en su calidad de presidenta; las vocales Blanca \u00c1guila Lima [&hellip;]<\/p>\n","protected":false},"author":12,"featured_media":0,"comment_status":"closed","ping_status":"open","sticky":false,"template":"","format":"standard","meta":{"om_disable_all_campaigns":false,"_monsterinsights_skip_tracking":false,"_monsterinsights_sitenote_active":false,"_monsterinsights_sitenote_note":"","_monsterinsights_sitenote_category":0,"jnews-multi-image_gallery":[],"jnews_single_post":[],"jnews_primary_category":[],"footnotes":""},"categories":[],"tags":[],"class_list":["post-77413","post","type-post","status-publish","format-standard","hentry"],"aioseo_notices":[],"_links":{"self":[{"href":"https:\/\/estado29.mx\/index.php?rest_route=\/wp\/v2\/posts\/77413","targetHints":{"allow":["GET"]}}],"collection":[{"href":"https:\/\/estado29.mx\/index.php?rest_route=\/wp\/v2\/posts"}],"about":[{"href":"https:\/\/estado29.mx\/index.php?rest_route=\/wp\/v2\/types\/post"}],"author":[{"embeddable":true,"href":"https:\/\/estado29.mx\/index.php?rest_route=\/wp\/v2\/users\/12"}],"replies":[{"embeddable":true,"href":"https:\/\/estado29.mx\/index.php?rest_route=%2Fwp%2Fv2%2Fcomments&post=77413"}],"version-history":[{"count":1,"href":"https:\/\/estado29.mx\/index.php?rest_route=\/wp\/v2\/posts\/77413\/revisions"}],"predecessor-version":[{"id":77416,"href":"https:\/\/estado29.mx\/index.php?rest_route=\/wp\/v2\/posts\/77413\/revisions\/77416"}],"wp:attachment":[{"href":"https:\/\/estado29.mx\/index.php?rest_route=%2Fwp%2Fv2%2Fmedia&parent=77413"}],"wp:term":[{"taxonomy":"category","embeddable":true,"href":"https:\/\/estado29.mx\/index.php?rest_route=%2Fwp%2Fv2%2Fcategories&post=77413"},{"taxonomy":"post_tag","embeddable":true,"href":"https:\/\/estado29.mx\/index.php?rest_route=%2Fwp%2Fv2%2Ftags&post=77413"}],"curies":[{"name":"wp","href":"https:\/\/api.w.org\/{rel}","templated":true}]}}