{"id":77421,"date":"2021-10-15T07:27:56","date_gmt":"2021-10-15T12:27:56","guid":{"rendered":"https:\/\/estado29.mx\/?p=77421"},"modified":"2021-10-15T07:28:09","modified_gmt":"2021-10-15T12:28:09","slug":"firman-convenio-de-colaboracion-uatx-y-la-comision-estatal-de-derechos-humanos","status":"publish","type":"post","link":"https:\/\/estado29.mx\/?p=77421","title":{"rendered":"Firman convenio de colaboraci\u00f3n UATx y la Comisi\u00f3n Estatal de Derechos Humanos"},"content":{"rendered":"\n<p>\u00b7\u00a0\u00a0\u00a0\u00a0\u00a0\u00a0\u00a0\u00a0\u00a0<strong>Realizan el conversatorio \u201cDerechos humanos: el desaf\u00edo para las mujeres ante la Covid-19\u201d<\/strong><\/p>\n\n\n\n<p>Con la finalidad de coordinar acciones que permitan difundir los derechos humanos y colocarlos al alcance de todas las personas para lograr una sociedad con principios y una cultura de paz, la Universidad Aut\u00f3noma de Tlaxcala (UATx) y la Comisi\u00f3n Estatal de Derechos Humanos de Tlaxcala (CEDH), signaron un convenio de colaboraci\u00f3n interinstitucional.<\/p>\n\n\n\n<p>Este documento, adem\u00e1s, busca educar, organizar, desarrollar programas de acci\u00f3n e investigaci\u00f3n, generando conciencia y tolerancia, a lo que el Dr. Luis Gonz\u00e1lez Placencia, Rector de la UATx, se\u00f1al\u00f3 que, para la instituci\u00f3n, ha sido primordial avanzar en la difusi\u00f3n de los derechos fundamentales y el aseguramiento de espacios respetuosos para la convivencia entre hombres y mujeres.<\/p>\n\n\n\n<p>Desde esta perspectiva, dijo, esta firma fortalecer\u00e1 las tareas de ambas instancias para avanzar hacia escenarios justos y equitativos, adem\u00e1s de que permitir\u00e1 tejer una agenda de actividades para afianzar el conocimiento de los derechos humanos en todos los sectores de la sociedad, por lo que, esta labor,&nbsp;representa una oportunidad para trabajar d\u00eda a d\u00eda junto a quienes garantizan la dignidad de la persona humana.<\/p>\n\n\n\n<p>En su momento, el&nbsp;Mtro. Enrique Irazoque Palazuelos, titular de la Unidad para la Defensa de Derechos Humanos de la Secretar\u00eda de Gobernaci\u00f3n,&nbsp;felicit\u00f3 a la UATx y a la CEDH por esta alianza de trabajo, ya que, dijo, desde la academia es relevante asentar un di\u00e1logo para aportar a la soluci\u00f3n de los problemas de violencia, los cuales deben hablarse y visibilizarse, para que los tres&nbsp;\u00f3rdenes&nbsp;de gobierno se involucren m\u00e1s y se cuide el impacto que tendr\u00e1n en la ni\u00f1ez&nbsp;mexicana.<\/p>\n\n\n\n<p>Posterior a este acto, se llev\u00f3 a cabo el conversatorio intitulado: \u201cDerechos humanos: el desaf\u00edo para las mujeres ante la Covid-19\u201d, organizado por el Posgrado Interinstitucional en Derechos Humanos de la UATx, con la participaci\u00f3n de la Mtra. Jakqueline Ordo\u00f1ez Brasdefer, Presidenta de la CEDH de Tlaxcala; de la Mtra. Nashieli Ram\u00edrez Hern\u00e1ndez, Presidenta de la Comisi\u00f3n de Derechos Humanos de la Ciudad de M\u00e9xico (CDHCM); y de la Mtra. Georgina Ruiz Toledo, docente de la UATx.<\/p>\n","protected":false},"excerpt":{"rendered":"<p>\u00b7\u00a0\u00a0\u00a0\u00a0\u00a0\u00a0\u00a0\u00a0\u00a0Realizan el conversatorio \u201cDerechos humanos: el desaf\u00edo para las mujeres ante la Covid-19\u201d Con la finalidad de coordinar acciones que permitan difundir los derechos humanos y colocarlos al alcance de todas las personas para lograr una sociedad con principios y una cultura de paz, la Universidad Aut\u00f3noma de Tlaxcala (UATx) y la Comisi\u00f3n Estatal de [&hellip;]<\/p>\n","protected":false},"author":12,"featured_media":0,"comment_status":"closed","ping_status":"open","sticky":false,"template":"","format":"standard","meta":{"om_disable_all_campaigns":false,"_monsterinsights_skip_tracking":false,"_monsterinsights_sitenote_active":false,"_monsterinsights_sitenote_note":"","_monsterinsights_sitenote_category":0,"jnews-multi-image_gallery":[],"jnews_single_post":[],"jnews_primary_category":[],"footnotes":""},"categories":[],"tags":[],"class_list":["post-77421","post","type-post","status-publish","format-standard","hentry"],"aioseo_notices":[],"_links":{"self":[{"href":"https:\/\/estado29.mx\/index.php?rest_route=\/wp\/v2\/posts\/77421","targetHints":{"allow":["GET"]}}],"collection":[{"href":"https:\/\/estado29.mx\/index.php?rest_route=\/wp\/v2\/posts"}],"about":[{"href":"https:\/\/estado29.mx\/index.php?rest_route=\/wp\/v2\/types\/post"}],"author":[{"embeddable":true,"href":"https:\/\/estado29.mx\/index.php?rest_route=\/wp\/v2\/users\/12"}],"replies":[{"embeddable":true,"href":"https:\/\/estado29.mx\/index.php?rest_route=%2Fwp%2Fv2%2Fcomments&post=77421"}],"version-history":[{"count":1,"href":"https:\/\/estado29.mx\/index.php?rest_route=\/wp\/v2\/posts\/77421\/revisions"}],"predecessor-version":[{"id":77424,"href":"https:\/\/estado29.mx\/index.php?rest_route=\/wp\/v2\/posts\/77421\/revisions\/77424"}],"wp:attachment":[{"href":"https:\/\/estado29.mx\/index.php?rest_route=%2Fwp%2Fv2%2Fmedia&parent=77421"}],"wp:term":[{"taxonomy":"category","embeddable":true,"href":"https:\/\/estado29.mx\/index.php?rest_route=%2Fwp%2Fv2%2Fcategories&post=77421"},{"taxonomy":"post_tag","embeddable":true,"href":"https:\/\/estado29.mx\/index.php?rest_route=%2Fwp%2Fv2%2Ftags&post=77421"}],"curies":[{"name":"wp","href":"https:\/\/api.w.org\/{rel}","templated":true}]}}