{"id":77429,"date":"2021-10-15T07:37:48","date_gmt":"2021-10-15T12:37:48","guid":{"rendered":"https:\/\/estado29.mx\/?p=77429"},"modified":"2021-10-15T07:40:01","modified_gmt":"2021-10-15T12:40:01","slug":"ivonne-ortega-pacheco-presento-hoy-formal-denuncia-ante-la-fiscalia-general-de-la-republica-fgr","status":"publish","type":"post","link":"https:\/\/estado29.mx\/?p=77429","title":{"rendered":"Ivonne Ortega Pacheco present\u00f3 hoy formal denuncia ante la Fiscal\u00eda General de la Rep\u00fablica (FGR)"},"content":{"rendered":"\n<p>COMUNICADO<\/p>\n\n\n\n<p>Ciudad de M\u00e9xico, 14 de octubre de 2021.- La diputada federal Ivonne Ortega Pacheco present\u00f3 hoy formal denuncia ante la Fiscal\u00eda General de la Rep\u00fablica (FGR) contra quien o quienes resulten responsables por realizar acciones de difusi\u00f3n de im\u00e1genes que violentan la intimidad de su hijo menor de edad, vulnerando sus derechos de ni\u00f1o, derecho a la protecci\u00f3n de la vida privada, derecho de acceso a una vida libre de violencia y a la integridad personal, as\u00ed como por obtenci\u00f3n ilegal de datos personales, que configuran delitos federales que ameritan penas de prisi\u00f3n.<\/p>\n\n\n\n<p>Lo anterior en raz\u00f3n de que se detect\u00f3 que en determinados sitios de internet y de redes sociales se utiliz\u00f3 de manera indebida una imagen de la legisladora en la que, mediante una edici\u00f3n de montaje fotogr\u00e1fico, se agreg\u00f3 la imagen de su hijo menor de edad, atentando en contra de los derechos humanos de la infancia antes se\u00f1alados. Dichas im\u00e1genes han sido exhibidas, difundidas y producidas en detrimento de su integridad, en una evidente violaci\u00f3n al derecho de la protecci\u00f3n de la vida privada.<\/p>\n\n\n\n<p>No se tratar de menoscabar o coartar el derecho a la libertad de expresi\u00f3n e informaci\u00f3n; sin embargo, el inter\u00e9s superior de la ni\u00f1ez y el principio pro-persona prepondera dentro del marco de protecci\u00f3n de las leyes mexicanas y tratados internacionales que garantizan velar, proteger y procurar el cumplimiento de los derechos de las ni\u00f1as, ni\u00f1os y adolescentes.<\/p>\n\n\n\n<p>Las personas con responsabilidades p\u00fablicas est\u00e1n sujetas a exposici\u00f3n, escrutinio y cr\u00edtica, incluso s\u00e1tira, por parte de las dem\u00e1s personas y de los medios de comunicaci\u00f3n, pero existe una l\u00ednea que no se debe cruzar, y es precisamente la de los derechos que protegen la privacidad y la intimidad, especialmente cuando se trata de las infancias.<\/p>\n\n\n\n<p>Cualquier transgresi\u00f3n de esa l\u00ednea representa un delito federal que debe ser visibilizado y denunciado para aplicar las sanciones penales correspondientes, porque las infancias y adolescencia no deben jam\u00e1s ser objetos. Son sujetos de derecho y la ley debe estar en su defensa.<\/p>\n","protected":false},"excerpt":{"rendered":"<p>COMUNICADO Ciudad de M\u00e9xico, 14 de octubre de 2021.- La diputada federal Ivonne Ortega Pacheco present\u00f3 hoy formal denuncia ante la Fiscal\u00eda General de la Rep\u00fablica (FGR) contra quien o quienes resulten responsables por realizar acciones de difusi\u00f3n de im\u00e1genes que violentan la intimidad de su hijo menor de edad, vulnerando sus derechos de ni\u00f1o, [&hellip;]<\/p>\n","protected":false},"author":12,"featured_media":0,"comment_status":"closed","ping_status":"open","sticky":false,"template":"","format":"standard","meta":{"om_disable_all_campaigns":false,"_monsterinsights_skip_tracking":false,"_monsterinsights_sitenote_active":false,"_monsterinsights_sitenote_note":"","_monsterinsights_sitenote_category":0,"jnews-multi-image_gallery":[],"jnews_single_post":[],"jnews_primary_category":[],"footnotes":""},"categories":[],"tags":[],"class_list":["post-77429","post","type-post","status-publish","format-standard","hentry"],"aioseo_notices":[],"_links":{"self":[{"href":"https:\/\/estado29.mx\/index.php?rest_route=\/wp\/v2\/posts\/77429","targetHints":{"allow":["GET"]}}],"collection":[{"href":"https:\/\/estado29.mx\/index.php?rest_route=\/wp\/v2\/posts"}],"about":[{"href":"https:\/\/estado29.mx\/index.php?rest_route=\/wp\/v2\/types\/post"}],"author":[{"embeddable":true,"href":"https:\/\/estado29.mx\/index.php?rest_route=\/wp\/v2\/users\/12"}],"replies":[{"embeddable":true,"href":"https:\/\/estado29.mx\/index.php?rest_route=%2Fwp%2Fv2%2Fcomments&post=77429"}],"version-history":[{"count":1,"href":"https:\/\/estado29.mx\/index.php?rest_route=\/wp\/v2\/posts\/77429\/revisions"}],"predecessor-version":[{"id":77432,"href":"https:\/\/estado29.mx\/index.php?rest_route=\/wp\/v2\/posts\/77429\/revisions\/77432"}],"wp:attachment":[{"href":"https:\/\/estado29.mx\/index.php?rest_route=%2Fwp%2Fv2%2Fmedia&parent=77429"}],"wp:term":[{"taxonomy":"category","embeddable":true,"href":"https:\/\/estado29.mx\/index.php?rest_route=%2Fwp%2Fv2%2Fcategories&post=77429"},{"taxonomy":"post_tag","embeddable":true,"href":"https:\/\/estado29.mx\/index.php?rest_route=%2Fwp%2Fv2%2Ftags&post=77429"}],"curies":[{"name":"wp","href":"https:\/\/api.w.org\/{rel}","templated":true}]}}