{"id":77449,"date":"2021-10-18T07:26:36","date_gmt":"2021-10-18T12:26:36","guid":{"rendered":"https:\/\/estado29.mx\/?p=77449"},"modified":"2021-10-18T07:26:51","modified_gmt":"2021-10-18T12:26:51","slug":"trabajo-coordinado-entre-gobierno-y-municipio-de-calpulalpan-en-su-147-aniversario-de-adhesion-al-estado","status":"publish","type":"post","link":"https:\/\/estado29.mx\/?p=77449","title":{"rendered":"Trabajo coordinado entre gobierno y municipio de Calpulalpan, en su 147 aniversario de adhesi\u00f3n al Estado"},"content":{"rendered":"\n<p><em>*Gobierno de Lorena Cu\u00e9llar Cisneros sella compromiso de garantizar el bienestar a la poblaci\u00f3n.<\/em><\/p>\n\n\n\n<p>En sesi\u00f3n extraordinaria p\u00fablica y solemne del Congreso de Tlaxcala, los tres Poderes del Estado conmemoraron el 147 aniversario de la incorporaci\u00f3n del municipio de Calpulalpan a territorio tlaxcalteca.<\/p>\n\n\n\n<p>En representaci\u00f3n de la gobernadora Lorena Cu\u00e9llar Cisneros, el secretario de gobierno, Sergio Gonz\u00e1lez Hern\u00e1ndez, resalt\u00f3 la importancia de continuar con la conmemoraci\u00f3n de la adhesi\u00f3n, debido a que Calpulalpan ha participado en diversas gestas para la transformaci\u00f3n del pa\u00eds.<\/p>\n\n\n\n<p>\u201cCelebrar que en este d\u00eda se sigue conmemorando un hecho hist\u00f3rico pero que tambi\u00e9n se ha convertido en un acontecimiento que nos recuerda la gran oportunidad que Tlaxcala le dio a la gente, en su momento, para ser parte de este municipio que ahora es pr\u00f3spero y grande, y que en estos 147 a\u00f1os sus mujeres y sus hombres han aportado mucho para el estado de Tlaxcala\u201d, asever\u00f3.<\/p>\n\n\n\n<p>Durante el acto protocolario de traslado de Poderes celebrado en el sal\u00f3n de cabildo del ayuntamiento de Calpulalpan, el encargado de la pol\u00edtica interna destac\u00f3 la importancia de realizar un trabajo conjunto para lograr el bienestar de la poblaci\u00f3n en los diferentes rubros.<\/p>\n\n\n\n<p>\u201cCelebro se\u00f1or presidente, se\u00f1ores diputados que hoy tengamos la oportunidad no solamente de conmemorar este hecho trascendente en la vida del estado, sino el venir a sellar un compromiso a nombre de la gobernadora Lorena Cu\u00e9llar Cisneros, de trabajo, esfuerzo conjunto y coordinaci\u00f3n con las autoridades para que Calpulalpan siga teniendo la grandeza que han demostrado hombres y mujeres\u201d, expuso.<\/p>\n\n\n\n<p>Adem\u00e1s, reiter\u00f3 el compromiso y solidaridad de la actual administraci\u00f3n para continuar con el apoyo y desarrollo de la demarcaci\u00f3n, para que las familias disfruten de seguridad.<\/p>\n\n\n\n<p>\u201cDecirles que no estar\u00e1n solos, que en la gobernadora tienen una aliada para trabajar hombro con hombro, con este pueblo noble y trabajador que le ha dado mucho al estado de Tlaxcala\u201d, destac\u00f3.<\/p>\n\n\n\n<p>Gonz\u00e1lez Hern\u00e1ndez llam\u00f3 a los Poderes Legislativo y Judicial a trabajar conjuntamente para que la demarcaci\u00f3n contin\u00fae su desarrollo, progreso y mantenga la paz social.<\/p>\n\n\n\n<p>En su momento, el alcalde de Calpulalpan, Edgar Pe\u00f1a N\u00e1jera, se\u00f1al\u00f3 que despu\u00e9s de 147 a\u00f1os que la demarcaci\u00f3n se adhiri\u00f3 a Tlaxcala, aspiran a convertirse en la puerta grande del estado, por lo que confi\u00f3 que con el respaldo de la gobernadora Lorena Cu\u00e9llar y de los Poderes Legislativo y Judicial podr\u00e1n lograrlo.<\/p>\n\n\n\n<p>En tanto, el diputado local Ever Alejandro Campech Avelar coincidi\u00f3 en la necesidad de que cada una de las instancias de gobierno trabaje desde el \u00e1mbito de su competencia, para que la demarcaci\u00f3n tenga atenci\u00f3n los 365 d\u00edas del a\u00f1o en temas de seguridad, salud y empleo.<\/p>\n\n\n\n<p>Al acto conmemorativo tambi\u00e9n asistieron el presidente del Poder Judicial, H\u00e9ctor Maldonado Bonilla y el comandante de la 23 Zona Militar Jos\u00e9 Joaqu\u00edn Jim\u00e9nez Cueto, as\u00ed como presidentes municipales, diputados federales e invitados especiales.<\/p>\n","protected":false},"excerpt":{"rendered":"<p>*Gobierno de Lorena Cu\u00e9llar Cisneros sella compromiso de garantizar el bienestar a la poblaci\u00f3n. En sesi\u00f3n extraordinaria p\u00fablica y solemne del Congreso de Tlaxcala, los tres Poderes del Estado conmemoraron el 147 aniversario de la incorporaci\u00f3n del municipio de Calpulalpan a territorio tlaxcalteca. En representaci\u00f3n de la gobernadora Lorena Cu\u00e9llar Cisneros, el secretario de gobierno, [&hellip;]<\/p>\n","protected":false},"author":12,"featured_media":0,"comment_status":"closed","ping_status":"open","sticky":false,"template":"","format":"standard","meta":{"om_disable_all_campaigns":false,"_monsterinsights_skip_tracking":false,"_monsterinsights_sitenote_active":false,"_monsterinsights_sitenote_note":"","_monsterinsights_sitenote_category":0,"jnews-multi-image_gallery":[],"jnews_single_post":[],"jnews_primary_category":[],"footnotes":""},"categories":[],"tags":[],"class_list":["post-77449","post","type-post","status-publish","format-standard","hentry"],"aioseo_notices":[],"_links":{"self":[{"href":"https:\/\/estado29.mx\/index.php?rest_route=\/wp\/v2\/posts\/77449","targetHints":{"allow":["GET"]}}],"collection":[{"href":"https:\/\/estado29.mx\/index.php?rest_route=\/wp\/v2\/posts"}],"about":[{"href":"https:\/\/estado29.mx\/index.php?rest_route=\/wp\/v2\/types\/post"}],"author":[{"embeddable":true,"href":"https:\/\/estado29.mx\/index.php?rest_route=\/wp\/v2\/users\/12"}],"replies":[{"embeddable":true,"href":"https:\/\/estado29.mx\/index.php?rest_route=%2Fwp%2Fv2%2Fcomments&post=77449"}],"version-history":[{"count":1,"href":"https:\/\/estado29.mx\/index.php?rest_route=\/wp\/v2\/posts\/77449\/revisions"}],"predecessor-version":[{"id":77452,"href":"https:\/\/estado29.mx\/index.php?rest_route=\/wp\/v2\/posts\/77449\/revisions\/77452"}],"wp:attachment":[{"href":"https:\/\/estado29.mx\/index.php?rest_route=%2Fwp%2Fv2%2Fmedia&parent=77449"}],"wp:term":[{"taxonomy":"category","embeddable":true,"href":"https:\/\/estado29.mx\/index.php?rest_route=%2Fwp%2Fv2%2Fcategories&post=77449"},{"taxonomy":"post_tag","embeddable":true,"href":"https:\/\/estado29.mx\/index.php?rest_route=%2Fwp%2Fv2%2Ftags&post=77449"}],"curies":[{"name":"wp","href":"https:\/\/api.w.org\/{rel}","templated":true}]}}