{"id":77465,"date":"2021-10-18T07:33:36","date_gmt":"2021-10-18T12:33:36","guid":{"rendered":"https:\/\/estado29.mx\/?p=77465"},"modified":"2021-10-18T07:33:51","modified_gmt":"2021-10-18T12:33:51","slug":"tlaxcala-participo-en-la-feria-artesanal-las-manos-del-mundo-2021","status":"publish","type":"post","link":"https:\/\/estado29.mx\/?p=77465","title":{"rendered":"Tlaxcala particip\u00f3 en la feria artesanal \u201clas manos del mundo 2021\u201d"},"content":{"rendered":"\n<p>*Estuvieron presentes los artesanos de cinco municipios del estado.<\/p>\n\n\n\n<p>Tlaxcala particip\u00f3 como estado invitado en la Feria Internacional de Artesan\u00edas \u201cLas Manos del Mundo 2021\u201d, con el objetivo de posicionar a la entidad como un referente por su riqueza artesanal, cultural y gastron\u00f3mica.<\/p>\n\n\n\n<p>El gobierno del estado, a trav\u00e9s de la Secretar\u00eda de Turismo (Secture) en coordinaci\u00f3n con cinco municipios de la entidad con vocaci\u00f3n artesanal, trabajan con honestidad y comprometidos con la ciudadan\u00eda para transformar a Tlaxcala y construir una nueva historia, tal como lo ha instruido la titular del Poder Ejecutivo, Lorena Cu\u00e9llar Cisneros.<\/p>\n\n\n\n<p>La secretaria de Turismo local, Josefina Rodr\u00edguez Zamora, se\u00f1al\u00f3 que a trav\u00e9s de este espacio se promueve la cultura y reconoce el trabajo de los maestros artesanos, al tiempo que remarc\u00f3 que estas acciones permiten la venta directa con el consumidor, despu\u00e9s que la pandemia de Covid-19 da\u00f1ara al sector, que poco a poco se recupera.<\/p>\n\n\n\n<p>Rodr\u00edguez Zamora enfatiz\u00f3 que la artesan\u00eda tiene un valor intr\u00ednseco que da identidad a Tlaxcala a trav\u00e9s del barro vidriado, los textiles, los bordados, hasta la gastronom\u00eda y las diversas danzas \u00fanicas de carnaval.<\/p>\n\n\n\n<p>Los municipios que participaron en la expo-venta son Chiautempan, Ixtenco, Contla, Xaltocan y Nanacamilpa, con mu\u00e9ganos, textiles, bordados, moda textil, blusas t\u00edpicas, dulces tradicionales, cuadros de semilla, sarapes, pulque y productos de maguey.<\/p>\n\n\n\n<p>De igual forma se cont\u00f3 con la participaci\u00f3n de huehues de diferentes regiones del estado y degustaci\u00f3n gastron\u00f3mica con elementos nativos de la cocina tlaxcalteca, a base de pulque, maguey, ma\u00edz, hongos, quelites, gusanos de maguey, pinole y piloncillo.<\/p>\n\n\n\n<p>\u201cLas Manos del Mundo 2021\u201d estuvo abierta el fin de semana en el World Trade Center de la Ciudad de M\u00e9xico.<\/p>\n","protected":false},"excerpt":{"rendered":"<p>*Estuvieron presentes los artesanos de cinco municipios del estado. Tlaxcala particip\u00f3 como estado invitado en la Feria Internacional de Artesan\u00edas \u201cLas Manos del Mundo 2021\u201d, con el objetivo de posicionar a la entidad como un referente por su riqueza artesanal, cultural y gastron\u00f3mica. El gobierno del estado, a trav\u00e9s de la Secretar\u00eda de Turismo (Secture) [&hellip;]<\/p>\n","protected":false},"author":12,"featured_media":0,"comment_status":"closed","ping_status":"open","sticky":false,"template":"","format":"standard","meta":{"om_disable_all_campaigns":false,"_monsterinsights_skip_tracking":false,"_monsterinsights_sitenote_active":false,"_monsterinsights_sitenote_note":"","_monsterinsights_sitenote_category":0,"jnews-multi-image_gallery":[],"jnews_single_post":[],"jnews_primary_category":[],"footnotes":""},"categories":[],"tags":[],"class_list":["post-77465","post","type-post","status-publish","format-standard","hentry"],"aioseo_notices":[],"_links":{"self":[{"href":"https:\/\/estado29.mx\/index.php?rest_route=\/wp\/v2\/posts\/77465","targetHints":{"allow":["GET"]}}],"collection":[{"href":"https:\/\/estado29.mx\/index.php?rest_route=\/wp\/v2\/posts"}],"about":[{"href":"https:\/\/estado29.mx\/index.php?rest_route=\/wp\/v2\/types\/post"}],"author":[{"embeddable":true,"href":"https:\/\/estado29.mx\/index.php?rest_route=\/wp\/v2\/users\/12"}],"replies":[{"embeddable":true,"href":"https:\/\/estado29.mx\/index.php?rest_route=%2Fwp%2Fv2%2Fcomments&post=77465"}],"version-history":[{"count":1,"href":"https:\/\/estado29.mx\/index.php?rest_route=\/wp\/v2\/posts\/77465\/revisions"}],"predecessor-version":[{"id":77468,"href":"https:\/\/estado29.mx\/index.php?rest_route=\/wp\/v2\/posts\/77465\/revisions\/77468"}],"wp:attachment":[{"href":"https:\/\/estado29.mx\/index.php?rest_route=%2Fwp%2Fv2%2Fmedia&parent=77465"}],"wp:term":[{"taxonomy":"category","embeddable":true,"href":"https:\/\/estado29.mx\/index.php?rest_route=%2Fwp%2Fv2%2Fcategories&post=77465"},{"taxonomy":"post_tag","embeddable":true,"href":"https:\/\/estado29.mx\/index.php?rest_route=%2Fwp%2Fv2%2Ftags&post=77465"}],"curies":[{"name":"wp","href":"https:\/\/api.w.org\/{rel}","templated":true}]}}