{"id":77488,"date":"2021-10-18T07:51:46","date_gmt":"2021-10-18T12:51:46","guid":{"rendered":"https:\/\/estado29.mx\/?p=77488"},"modified":"2021-10-18T07:51:57","modified_gmt":"2021-10-18T12:51:57","slug":"el-parque-nacional-malintzi-estuvo-en-el-olvido","status":"publish","type":"post","link":"https:\/\/estado29.mx\/?p=77488","title":{"rendered":"El parque nacional Malintzi estuvo en el olvido."},"content":{"rendered":"\n<p>Al Parque Nacional la Malinche le fue mal en el gobierno del desaparecido Marco Mena, y no s\u00f3lo por los constantes incendios, la tala inmoderada, y la llegada del gusano descortezador.<\/p>\n\n\n\n<p>Poco o nada se hizo para atender todas las problem\u00e1ticas que vive la Malinche, al final, todas esas situaciones pudieron prevenirse y ser atendidas. No existi\u00f3 voluntad pol\u00edtica ni al menos una medida que tratara de vender que s\u00ed estaban siendo atendidas, es decir una bola de humo a las que el gobierno de Marco Mena estaba muy acostumbrado.<\/p>\n\n\n\n<p>Con la llegada de Lorena Cu\u00e9llar al ejecutivo estatal, se espera no \u00fanicamente que se haga un diagn\u00f3stico de todo lo que est\u00e1 mal, sino que se implementen medidas para que las cosas dejen de estar mal.<\/p>\n\n\n\n<p>Hace poco anunci\u00f3 que los permisos otorgados al amparo de la Ley, ser\u00edan cancelados, luego de que la tala inmoderada ha ocasionado la p\u00e9rdida considerable de nuestro bosque. Pero el asunto no es quitar o dejar de dar permisos y licencias.<\/p>\n\n\n\n<p>El tema central es erradicar la tala clandestina, porque esa de la mano de Marco Mena, han generado que los recursos naturales de Tlaxcala sean cada vez m\u00e1s escasos.<\/p>\n\n\n\n<p>Combatir la tala clandestina, es una labor tit\u00e1nica, que incluye a ciudadanos y autoridades coludidas. Son diversos actores los que intervienen y los intereses que se tocan son complejos de entender.<\/p>\n\n\n\n<p>Ojal\u00e1 se extienda un programa ampl\u00edsimo de atenci\u00f3n a este problema -aunque existen otros- porque ser\u00e1 la muestra del compromiso de la 4T con Tlaxcala.<\/p>\n\n\n\n<p>Espero que las medidas implementadas se vean reflejadas en el saneamiento de nuestro bosque, que quienes realizan tala clandestina comprendan que es un error, y que las autoridades act\u00faen de forma r\u00e1pida.<\/p>\n\n\n\n<p>La tala es un grave problema, no atender ese problema es una contradicci\u00f3n hasta ideol\u00f3gica de la Cuarta Transformaci\u00f3n, enhorabuena por la gobernadora, le deseo el mayor de los \u00e9xitos en la recuperaci\u00f3n de nuestros bosques.<\/p>\n","protected":false},"excerpt":{"rendered":"<p>Al Parque Nacional la Malinche le fue mal en el gobierno del desaparecido Marco Mena, y no s\u00f3lo por los constantes incendios, la tala inmoderada, y la llegada del gusano descortezador. Poco o nada se hizo para atender todas las problem\u00e1ticas que vive la Malinche, al final, todas esas situaciones pudieron prevenirse y ser atendidas. [&hellip;]<\/p>\n","protected":false},"author":12,"featured_media":0,"comment_status":"closed","ping_status":"open","sticky":false,"template":"","format":"standard","meta":{"om_disable_all_campaigns":false,"_monsterinsights_skip_tracking":false,"_monsterinsights_sitenote_active":false,"_monsterinsights_sitenote_note":"","_monsterinsights_sitenote_category":0,"jnews-multi-image_gallery":[],"jnews_single_post":[],"jnews_primary_category":[],"footnotes":""},"categories":[],"tags":[],"class_list":["post-77488","post","type-post","status-publish","format-standard","hentry"],"aioseo_notices":[],"_links":{"self":[{"href":"https:\/\/estado29.mx\/index.php?rest_route=\/wp\/v2\/posts\/77488","targetHints":{"allow":["GET"]}}],"collection":[{"href":"https:\/\/estado29.mx\/index.php?rest_route=\/wp\/v2\/posts"}],"about":[{"href":"https:\/\/estado29.mx\/index.php?rest_route=\/wp\/v2\/types\/post"}],"author":[{"embeddable":true,"href":"https:\/\/estado29.mx\/index.php?rest_route=\/wp\/v2\/users\/12"}],"replies":[{"embeddable":true,"href":"https:\/\/estado29.mx\/index.php?rest_route=%2Fwp%2Fv2%2Fcomments&post=77488"}],"version-history":[{"count":1,"href":"https:\/\/estado29.mx\/index.php?rest_route=\/wp\/v2\/posts\/77488\/revisions"}],"predecessor-version":[{"id":77490,"href":"https:\/\/estado29.mx\/index.php?rest_route=\/wp\/v2\/posts\/77488\/revisions\/77490"}],"wp:attachment":[{"href":"https:\/\/estado29.mx\/index.php?rest_route=%2Fwp%2Fv2%2Fmedia&parent=77488"}],"wp:term":[{"taxonomy":"category","embeddable":true,"href":"https:\/\/estado29.mx\/index.php?rest_route=%2Fwp%2Fv2%2Fcategories&post=77488"},{"taxonomy":"post_tag","embeddable":true,"href":"https:\/\/estado29.mx\/index.php?rest_route=%2Fwp%2Fv2%2Ftags&post=77488"}],"curies":[{"name":"wp","href":"https:\/\/api.w.org\/{rel}","templated":true}]}}