{"id":77491,"date":"2021-10-18T13:18:31","date_gmt":"2021-10-18T18:18:31","guid":{"rendered":"https:\/\/estado29.mx\/?p=77491"},"modified":"2021-10-18T13:18:49","modified_gmt":"2021-10-18T18:18:49","slug":"participa-la-diputada-lorena-ruiz-garcia-en-foro-la-transformacion-de-la-politica-a-partir-de-la-participacion-de-las-mujeres","status":"publish","type":"post","link":"https:\/\/estado29.mx\/?p=77491","title":{"rendered":"Participa la diputada Lorena Ru\u00edz Garc\u00eda en foro \u201cLa Transformaci\u00f3n de la Pol\u00edtica a partir de la Participaci\u00f3n de las Mujeres\u201d."},"content":{"rendered":"\n<p>Con la invitaci\u00f3n del Instituto Tlaxcalteca de Elecciones (ITE), este d\u00eda la diputada local Lorena Ru\u00edz Garc\u00eda particip\u00f3\u00a0 en el Foro denominado \u201cLa Transformaci\u00f3n de la Pol\u00edtica a partir de la Participaci\u00f3n de las Mujeres\u201d, evento que se realiz\u00f3 en el marco del 68 aniversario del sufragio femenino.<\/p>\n\n\n\n<p>Con la intervenci\u00f3n de destacadas panelistas como es el caso de la ex gobernadora de Tlaxcala y hoy Senadora, Beatriz Paredes Rangel; la ex gobernadora&nbsp; de Yucat\u00e1n, Dulce Maria Sauri Riancho; la ex gobernadora de Zacatecas y hoy Diputada Federal, Amalia Dolores Garc\u00eda; en formato virtual, la diputada local Lorena Ru\u00edz Garc\u00eda, agradeci\u00f3 la invitaci\u00f3n a tan importante foro, en el cual se da muestra, como han cambiado los escenarios de participaci\u00f3n pol\u00edtica en nuestro Estado.<\/p>\n\n\n\n<p>En este contexto, Ru\u00edz Garc\u00eda precis\u00f3 que esta serie de foros son de gran utilidad para observar la contribuci\u00f3n al fortalecimiento de la democracia y del ejercicio pleno de los derechos humanos de las mujeres, de manera primordial en sus derechos pol\u00edticos, entendiendo que el derecho a la igualdad tiene tantas interpretaciones como lugares y contextos en los que se defiende, y por ello es necesario enfocar las diferentes formas de discriminaci\u00f3n y violencia que enfrentan las mujeres y que las limitan en sus opciones personales y profesionales.<\/p>\n\n\n\n<p>Por \u00faltimo, la presidenta de la Comisi\u00f3n de Equidad de G\u00e9nero, en la LXIV legislatura en el Estado de Tlaxcala, &nbsp;refiri\u00f3 que pese a los avances que se han tenido en la participaci\u00f3n pol\u00edtica de las mujeres, el gran reto es lograr que la participaci\u00f3n femenina en cargos de representaci\u00f3n sea igual que la masculina, siendo un llamado para seguir trabajando por los derechos de las mujeres.<\/p>\n","protected":false},"excerpt":{"rendered":"<p>Con la invitaci\u00f3n del Instituto Tlaxcalteca de Elecciones (ITE), este d\u00eda la diputada local Lorena Ru\u00edz Garc\u00eda particip\u00f3\u00a0 en el Foro denominado \u201cLa Transformaci\u00f3n de la Pol\u00edtica a partir de la Participaci\u00f3n de las Mujeres\u201d, evento que se realiz\u00f3 en el marco del 68 aniversario del sufragio femenino. Con la intervenci\u00f3n de destacadas panelistas como [&hellip;]<\/p>\n","protected":false},"author":12,"featured_media":0,"comment_status":"closed","ping_status":"open","sticky":false,"template":"","format":"standard","meta":{"om_disable_all_campaigns":false,"_monsterinsights_skip_tracking":false,"_monsterinsights_sitenote_active":false,"_monsterinsights_sitenote_note":"","_monsterinsights_sitenote_category":0,"jnews-multi-image_gallery":[],"jnews_single_post":[],"jnews_primary_category":[],"footnotes":""},"categories":[],"tags":[],"class_list":["post-77491","post","type-post","status-publish","format-standard","hentry"],"aioseo_notices":[],"_links":{"self":[{"href":"https:\/\/estado29.mx\/index.php?rest_route=\/wp\/v2\/posts\/77491","targetHints":{"allow":["GET"]}}],"collection":[{"href":"https:\/\/estado29.mx\/index.php?rest_route=\/wp\/v2\/posts"}],"about":[{"href":"https:\/\/estado29.mx\/index.php?rest_route=\/wp\/v2\/types\/post"}],"author":[{"embeddable":true,"href":"https:\/\/estado29.mx\/index.php?rest_route=\/wp\/v2\/users\/12"}],"replies":[{"embeddable":true,"href":"https:\/\/estado29.mx\/index.php?rest_route=%2Fwp%2Fv2%2Fcomments&post=77491"}],"version-history":[{"count":1,"href":"https:\/\/estado29.mx\/index.php?rest_route=\/wp\/v2\/posts\/77491\/revisions"}],"predecessor-version":[{"id":77494,"href":"https:\/\/estado29.mx\/index.php?rest_route=\/wp\/v2\/posts\/77491\/revisions\/77494"}],"wp:attachment":[{"href":"https:\/\/estado29.mx\/index.php?rest_route=%2Fwp%2Fv2%2Fmedia&parent=77491"}],"wp:term":[{"taxonomy":"category","embeddable":true,"href":"https:\/\/estado29.mx\/index.php?rest_route=%2Fwp%2Fv2%2Fcategories&post=77491"},{"taxonomy":"post_tag","embeddable":true,"href":"https:\/\/estado29.mx\/index.php?rest_route=%2Fwp%2Fv2%2Ftags&post=77491"}],"curies":[{"name":"wp","href":"https:\/\/api.w.org\/{rel}","templated":true}]}}