{"id":77511,"date":"2021-10-19T07:36:51","date_gmt":"2021-10-19T12:36:51","guid":{"rendered":"https:\/\/estado29.mx\/?p=77511"},"modified":"2021-10-19T07:37:04","modified_gmt":"2021-10-19T12:37:04","slug":"aunque-en-tlaxcala-estamos-en-semaforo-verde-la-covid_19-no-se-ha-ido-debemos-continuar-con-las-medidas-preventivas-para-evitar-retroceder-jorge-corichi","status":"publish","type":"post","link":"https:\/\/estado29.mx\/?p=77511","title":{"rendered":"Aunque en Tlaxcala estamos en Sem\u00e1foro Verde, la COVID_19 NO se ha ido, debemos continuar con las medidas preventivas para evitar retroceder: Jorge Corichi"},"content":{"rendered":"\n<p>El presidente municipal de Tlaxcala Capital llam\u00f3 a la poblaci\u00f3n de las once comunidades, siete colonias y zona urbana a \u201cmantener la guardia en alto respetando los protocolos de salud\u201d.<\/p>\n\n\n\n<p>Recordemos que, con los cuidados esenciales, privilegiamos el bienestar de todas y todos, indic\u00f3.<\/p>\n\n\n\n<p>Convoc\u00f3 a seguir usando cubrebocas y gel antibacterial, as\u00ed como respetar la sana distancia de 1.5 metros entre personas que compartan espacios en com\u00fan.<\/p>\n\n\n\n<p>Destac\u00f3 la importancia de lavar manos frecuentemente y respetar los aforos en espacios p\u00fablicos. Aunque actualmente hay un gran porcentaje de personas vacunadas, el alcalde exhort\u00f3 a la ciudadan\u00eda a continuar acatando las medidas sanitarias, a fin de retomar la totalidad de las actividades econ\u00f3micas y sociales en Tlaxcala.<\/p>\n\n\n\n<p>Finalmente, estableci\u00f3 que el Ayuntamiento de Tlaxcala continuar\u00e1 reforzando las medidas de sanidad para evitar la propagaci\u00f3n del virus SARS-COV2.<\/p>\n","protected":false},"excerpt":{"rendered":"<p>El presidente municipal de Tlaxcala Capital llam\u00f3 a la poblaci\u00f3n de las once comunidades, siete colonias y zona urbana a \u201cmantener la guardia en alto respetando los protocolos de salud\u201d. Recordemos que, con los cuidados esenciales, privilegiamos el bienestar de todas y todos, indic\u00f3. Convoc\u00f3 a seguir usando cubrebocas y gel antibacterial, as\u00ed como respetar [&hellip;]<\/p>\n","protected":false},"author":12,"featured_media":0,"comment_status":"closed","ping_status":"open","sticky":false,"template":"","format":"standard","meta":{"om_disable_all_campaigns":false,"_monsterinsights_skip_tracking":false,"_monsterinsights_sitenote_active":false,"_monsterinsights_sitenote_note":"","_monsterinsights_sitenote_category":0,"jnews-multi-image_gallery":[],"jnews_single_post":[],"jnews_primary_category":[],"footnotes":""},"categories":[],"tags":[],"class_list":["post-77511","post","type-post","status-publish","format-standard","hentry"],"aioseo_notices":[],"_links":{"self":[{"href":"https:\/\/estado29.mx\/index.php?rest_route=\/wp\/v2\/posts\/77511","targetHints":{"allow":["GET"]}}],"collection":[{"href":"https:\/\/estado29.mx\/index.php?rest_route=\/wp\/v2\/posts"}],"about":[{"href":"https:\/\/estado29.mx\/index.php?rest_route=\/wp\/v2\/types\/post"}],"author":[{"embeddable":true,"href":"https:\/\/estado29.mx\/index.php?rest_route=\/wp\/v2\/users\/12"}],"replies":[{"embeddable":true,"href":"https:\/\/estado29.mx\/index.php?rest_route=%2Fwp%2Fv2%2Fcomments&post=77511"}],"version-history":[{"count":1,"href":"https:\/\/estado29.mx\/index.php?rest_route=\/wp\/v2\/posts\/77511\/revisions"}],"predecessor-version":[{"id":77514,"href":"https:\/\/estado29.mx\/index.php?rest_route=\/wp\/v2\/posts\/77511\/revisions\/77514"}],"wp:attachment":[{"href":"https:\/\/estado29.mx\/index.php?rest_route=%2Fwp%2Fv2%2Fmedia&parent=77511"}],"wp:term":[{"taxonomy":"category","embeddable":true,"href":"https:\/\/estado29.mx\/index.php?rest_route=%2Fwp%2Fv2%2Fcategories&post=77511"},{"taxonomy":"post_tag","embeddable":true,"href":"https:\/\/estado29.mx\/index.php?rest_route=%2Fwp%2Fv2%2Ftags&post=77511"}],"curies":[{"name":"wp","href":"https:\/\/api.w.org\/{rel}","templated":true}]}}