{"id":77527,"date":"2021-10-19T08:01:57","date_gmt":"2021-10-19T13:01:57","guid":{"rendered":"https:\/\/estado29.mx\/?p=77527"},"modified":"2021-10-19T08:02:13","modified_gmt":"2021-10-19T13:02:13","slug":"reforma-politico-electoral-debe-encaminarse-a-una-participacion-ciudadana-efectiva-movimiento-ciudadano","status":"publish","type":"post","link":"https:\/\/estado29.mx\/?p=77527","title":{"rendered":"Reforma Pol\u00edtico-Electoral debe encaminarse a una participaci\u00f3n ciudadana efectiva: Movimiento Ciudadano"},"content":{"rendered":"\n<p><em>Al instalarse la Comisi\u00f3n para la Reforma Pol\u00edtico-Electoral de la C\u00e1mara de Diputados, Ivonne Ortega Pacheco en representaci\u00f3n de la Bancada Naranja hizo un llamado a poner en el centro de dicha reforma a las ciudadanas y ciudadanos.<\/em><\/p>\n\n\n\n<p>Ciudad de M\u00e9xico, 18 de octubre de 2021.- \u201cTenemos la gran oportunidad de transformar el R\u00e9gimen Pol\u00edtico-Electoral para beneficio de la ciudadan\u00eda, del pueblo\u201d, afirm\u00f3 Ivonne Ortega Pacheco y recalc\u00f3 la importancia de sumar la voluntad de todas las fuerzas pol\u00edticas para lograr una participaci\u00f3n ciudadana efectiva.<\/p>\n\n\n\n<p>Durante la instalaci\u00f3n de la Comisi\u00f3n para la Reforma Pol\u00edtico-Electoral de la C\u00e1mara de Diputados, la legisladora subray\u00f3 que \u201cEn Movimiento Ciudadano tenemos la responsabilidad de poner en el centro de la Reforma Pol\u00edtico-Electoral a las ciudadanas y ciudadanos, porque antes que los partidos pol\u00edticos y las ideolog\u00edas, est\u00e1 el pueblo de M\u00e9xico\u201d.<\/p>\n\n\n\n<p>Asimismo, present\u00f3 una propuesta de trabajo \u201cpara poner sobre la mesa acciones encaminadas a una participaci\u00f3n ciudadana efectiva\u201d, en raz\u00f3n de lo cual es fundamental \u201crevisar, dignificar y revalorar los mecanismos de participaci\u00f3n ciudadana, para evitar su manipulaci\u00f3n y asegurar su democratizaci\u00f3n\u201d.<\/p>\n\n\n\n<p>Entre los puntos de la propuesta, Ortega Pacheco, quien es secretaria de la Comisi\u00f3n, indica la necesidad de que se expida una nueva Ley Reglamentaria del art\u00edculo 29 Constitucional para proteger los derechos civiles frente al poder pol\u00edtico en materia de suspensi\u00f3n de garant\u00edas individuales.<\/p>\n\n\n\n<p>Asimismo, plantea eliminar la sobrerrepresentaci\u00f3n; impulsar la feminizaci\u00f3n de la pol\u00edtica para alcanzar la igualdad sustantiva \u201cy no conformarnos con la paridad\u201d, as\u00ed como la inclusi\u00f3n plena y participaci\u00f3n pol\u00edtica de las juventudes.<\/p>\n\n\n\n<p>Otros temas que expone son: lograr el equilibrio real entre los tres Poderes para asegurar el Estado de Derecho; impulsar la segunda vuelta para dotar de mayor legitimidad a los gobiernos y empoderar a la ciudadan\u00eda, as\u00ed como crear los mecanismos adecuados \u201cpara posibilitar gobiernos de coalici\u00f3n y no s\u00f3lo alianzas electorales que en nada benefician al pueblo\u201d.<\/p>\n\n\n\n<p>En su exposici\u00f3n, la legisladora naranja se\u00f1ala que es necesario actualizar la consulta popular, la revocaci\u00f3n de mandato y la iniciativa popular para que estos instrumentos de democracia directa \u201csean realmente en beneficio de la sociedad y no del poder pol\u00edtico\u201d.<\/p>\n\n\n\n<p>Tambi\u00e9n plantea incorporar a la ley la obligaci\u00f3n de los partidos para definir a sus candidatas y candidatos presidenciales y a las gubernaturas en elecciones primarias generales, as\u00ed como debatir abiertamente sobre reducir a cuatro a\u00f1os la duraci\u00f3n del mandato presidencial y de las gubernaturas y la posibilidad de reelecci\u00f3n por un periodo m\u00e1s, esto sin efectos retroactivos a las presentes administraciones.<\/p>\n\n\n\n<p>Otros temas que plante\u00f3 son el dise\u00f1o de nuevos instrumentos como el presupuesto participativo y la renovaci\u00f3n escalonada de la C\u00e1mara de Senadores.<\/p>\n\n\n\n<p>Para concluir, Ivonne Ortega sostuvo que \u201cLos problemas de la democracia se resuelven con m\u00e1s y m\u00e1s y m\u00e1s democracia\u201d.<\/p>\n\n\n\n<p>&#8212;oo0oo&#8212;<\/p>\n","protected":false},"excerpt":{"rendered":"<p>Al instalarse la Comisi\u00f3n para la Reforma Pol\u00edtico-Electoral de la C\u00e1mara de Diputados, Ivonne Ortega Pacheco en representaci\u00f3n de la Bancada Naranja hizo un llamado a poner en el centro de dicha reforma a las ciudadanas y ciudadanos. Ciudad de M\u00e9xico, 18 de octubre de 2021.- \u201cTenemos la gran oportunidad de transformar el R\u00e9gimen Pol\u00edtico-Electoral [&hellip;]<\/p>\n","protected":false},"author":12,"featured_media":0,"comment_status":"closed","ping_status":"open","sticky":false,"template":"","format":"standard","meta":{"om_disable_all_campaigns":false,"_monsterinsights_skip_tracking":false,"_monsterinsights_sitenote_active":false,"_monsterinsights_sitenote_note":"","_monsterinsights_sitenote_category":0,"jnews-multi-image_gallery":[],"jnews_single_post":[],"jnews_primary_category":[],"footnotes":""},"categories":[],"tags":[],"class_list":["post-77527","post","type-post","status-publish","format-standard","hentry"],"aioseo_notices":[],"_links":{"self":[{"href":"https:\/\/estado29.mx\/index.php?rest_route=\/wp\/v2\/posts\/77527","targetHints":{"allow":["GET"]}}],"collection":[{"href":"https:\/\/estado29.mx\/index.php?rest_route=\/wp\/v2\/posts"}],"about":[{"href":"https:\/\/estado29.mx\/index.php?rest_route=\/wp\/v2\/types\/post"}],"author":[{"embeddable":true,"href":"https:\/\/estado29.mx\/index.php?rest_route=\/wp\/v2\/users\/12"}],"replies":[{"embeddable":true,"href":"https:\/\/estado29.mx\/index.php?rest_route=%2Fwp%2Fv2%2Fcomments&post=77527"}],"version-history":[{"count":1,"href":"https:\/\/estado29.mx\/index.php?rest_route=\/wp\/v2\/posts\/77527\/revisions"}],"predecessor-version":[{"id":77530,"href":"https:\/\/estado29.mx\/index.php?rest_route=\/wp\/v2\/posts\/77527\/revisions\/77530"}],"wp:attachment":[{"href":"https:\/\/estado29.mx\/index.php?rest_route=%2Fwp%2Fv2%2Fmedia&parent=77527"}],"wp:term":[{"taxonomy":"category","embeddable":true,"href":"https:\/\/estado29.mx\/index.php?rest_route=%2Fwp%2Fv2%2Fcategories&post=77527"},{"taxonomy":"post_tag","embeddable":true,"href":"https:\/\/estado29.mx\/index.php?rest_route=%2Fwp%2Fv2%2Ftags&post=77527"}],"curies":[{"name":"wp","href":"https:\/\/api.w.org\/{rel}","templated":true}]}}