{"id":77535,"date":"2021-10-19T08:05:25","date_gmt":"2021-10-19T13:05:25","guid":{"rendered":"https:\/\/estado29.mx\/?p=77535"},"modified":"2021-10-19T08:05:39","modified_gmt":"2021-10-19T13:05:39","slug":"participo-sedif-en-la-primera-jornada-de-salud-y-bienestar-en-xaloztoc","status":"publish","type":"post","link":"https:\/\/estado29.mx\/?p=77535","title":{"rendered":"Particip\u00f3 SEDIF en la primera jornada de salud y bienestar en Xaloztoc"},"content":{"rendered":"\n<p><em>* Pusieron en marcha la Unidad M\u00f3vil para acercar atenci\u00f3n m\u00e9dica en diferentes municipios del estado.<\/em><\/p>\n\n\n\n<p>El Sistema Estatal para el Desarrollo Integral de la Familia (Sedif) encabez\u00f3 la Primera Jornada de Salud y Bienestar realizada en el municipio de Xaloztoc, as\u00ed como la reactivaci\u00f3n de la Unidad M\u00f3vil para acercar atenci\u00f3n m\u00e9dica a los municipios.<\/p>\n\n\n\n<p>Para el gobierno del estado encabezado por Lorena Cu\u00e9llar Cisneros, la salud es uno de los rubros de mayor importancia, de ah\u00ed la necesidad de acercar los servicios de medicina general, dental y de optometr\u00eda de manera gratuita a las diversas comunidades de la entidad.<\/p>\n\n\n\n<p>La jornada fue encabezada por la presidenta honor\u00edfica del Sedif, Mariana Espinosa de los Monteros Cu\u00e9llar; el presidente municipal de Xaloztoc, Rafael Coca V\u00e1zquez; y la diputada federal, Irma Yordana Garay Loredo, adem\u00e1s socializaron la informaci\u00f3n sobre la prevenci\u00f3n del c\u00e1ncer de mama, como parte de las actividades del mes de la lucha contra ese padecimiento.<\/p>\n\n\n\n<p>Al respecto, Espinosa de los Monteros expuso que el compromiso del Sedif es reforzar la salud, especialmente de ni\u00f1as, ni\u00f1os y adolescentes que son vulnerables ante la pandemia por Covid-19.<\/p>\n\n\n\n<p>\u201cSabemos que hay ni\u00f1os y ni\u00f1as que han perdido a sus padres y familiares por Covid, son los que de alguna manera han padecido m\u00e1s el confinamiento por la pandemia, ellos nos han dado lecciones de vida porque se adaptan de la mejor manera posible, sin embargo, hay que brindar la atenci\u00f3n psicol\u00f3gica. Hay estados que ya voltearon a ver a Tlaxcala por la atenci\u00f3n que est\u00e1 brindado a ni\u00f1as, ni\u00f1os y adolescentes y est\u00e1n interesados en ser capacitados en el tema de la atenci\u00f3n socioemocional\u201d, coment\u00f3.<\/p>\n\n\n\n<p>En su oportunidad, el presidente municipal de Xaloztoc, Rafael Coca agradeci\u00f3 a la presidenta honor\u00edfica del Sedif la reactivaci\u00f3n de la Unidad M\u00f3vil de atenci\u00f3n m\u00e9dica para acercar los servicios a la ciudadan\u00eda y refrend\u00f3 su compromiso con el trabajo conjunto.<\/p>\n","protected":false},"excerpt":{"rendered":"<p>* Pusieron en marcha la Unidad M\u00f3vil para acercar atenci\u00f3n m\u00e9dica en diferentes municipios del estado. El Sistema Estatal para el Desarrollo Integral de la Familia (Sedif) encabez\u00f3 la Primera Jornada de Salud y Bienestar realizada en el municipio de Xaloztoc, as\u00ed como la reactivaci\u00f3n de la Unidad M\u00f3vil para acercar atenci\u00f3n m\u00e9dica a los [&hellip;]<\/p>\n","protected":false},"author":12,"featured_media":0,"comment_status":"closed","ping_status":"open","sticky":false,"template":"","format":"standard","meta":{"om_disable_all_campaigns":false,"_monsterinsights_skip_tracking":false,"_monsterinsights_sitenote_active":false,"_monsterinsights_sitenote_note":"","_monsterinsights_sitenote_category":0,"jnews-multi-image_gallery":[],"jnews_single_post":[],"jnews_primary_category":[],"footnotes":""},"categories":[],"tags":[],"class_list":["post-77535","post","type-post","status-publish","format-standard","hentry"],"aioseo_notices":[],"_links":{"self":[{"href":"https:\/\/estado29.mx\/index.php?rest_route=\/wp\/v2\/posts\/77535","targetHints":{"allow":["GET"]}}],"collection":[{"href":"https:\/\/estado29.mx\/index.php?rest_route=\/wp\/v2\/posts"}],"about":[{"href":"https:\/\/estado29.mx\/index.php?rest_route=\/wp\/v2\/types\/post"}],"author":[{"embeddable":true,"href":"https:\/\/estado29.mx\/index.php?rest_route=\/wp\/v2\/users\/12"}],"replies":[{"embeddable":true,"href":"https:\/\/estado29.mx\/index.php?rest_route=%2Fwp%2Fv2%2Fcomments&post=77535"}],"version-history":[{"count":1,"href":"https:\/\/estado29.mx\/index.php?rest_route=\/wp\/v2\/posts\/77535\/revisions"}],"predecessor-version":[{"id":77538,"href":"https:\/\/estado29.mx\/index.php?rest_route=\/wp\/v2\/posts\/77535\/revisions\/77538"}],"wp:attachment":[{"href":"https:\/\/estado29.mx\/index.php?rest_route=%2Fwp%2Fv2%2Fmedia&parent=77535"}],"wp:term":[{"taxonomy":"category","embeddable":true,"href":"https:\/\/estado29.mx\/index.php?rest_route=%2Fwp%2Fv2%2Fcategories&post=77535"},{"taxonomy":"post_tag","embeddable":true,"href":"https:\/\/estado29.mx\/index.php?rest_route=%2Fwp%2Fv2%2Ftags&post=77535"}],"curies":[{"name":"wp","href":"https:\/\/api.w.org\/{rel}","templated":true}]}}