{"id":77566,"date":"2021-10-20T15:01:17","date_gmt":"2021-10-20T20:01:17","guid":{"rendered":"https:\/\/estado29.mx\/?p=77566"},"modified":"2021-10-20T15:01:33","modified_gmt":"2021-10-20T20:01:33","slug":"lorena-ruiz-reconoce-el-trabajo-de-su-homologo-ante-la-presentacion-del-libro-desapariciones-en-mexico","status":"publish","type":"post","link":"https:\/\/estado29.mx\/?p=77566","title":{"rendered":"Lorena Ru\u00edz reconoce el trabajo de su hom\u00f3logo ante la presentaci\u00f3n del libro \u201cDesapariciones en M\u00e9xico\u201d."},"content":{"rendered":"\n<p>Durante la presentaci\u00f3n del libro \u201cDesapariciones en M\u00e9xico\u201d, en el patio Vitral del Congreso del Estado, la diputada presidenta de\u00a0 la Comisi\u00f3n de Igualdad de G\u00e9nero y Contra la Trata de Personas Lorena Ru\u00edz Garc\u00eda, reconoci\u00f3 el trabajo realizado por su hom\u00f3logo Juan Manuel Cambr\u00f3n Soria, para lograr la impresi\u00f3n del an\u00e1lisis socio-jur\u00eddico de dicho fen\u00f3meno en M\u00e9xico.<\/p>\n\n\n\n<p>En este contexto, detall\u00f3 que es de reconocer el trabajo realizado por el legislador y por todas las personas que participaron para hacer posible esta publicaci\u00f3n; porque hablar de desapariciones, genera temor e impotencia, y est\u00e1s emociones no s\u00f3lo las viven las v\u00edctimas, sino tambi\u00e9n, las personas que la rodean, que son parte de la sociedad de este pa\u00eds.<\/p>\n\n\n\n<p>Ru\u00edz Garc\u00eda, manifest\u00f3 que las cifras de personas desaparecidas y&nbsp; no localizadas en este pa\u00eds crece d\u00eda con d\u00eda, las razones son variadas, entre algunas de ellas, la trata de personas, las situaci\u00f3n pol\u00edticas, el narcotr\u00e1fico o la delincuencia de la que somos v\u00edctimas, todas y todos los mexicanos; como resultado de todos estos n\u00fameros aterradores, lo que nos queda son las familias desoladas, los que esperan el regreso o por lo menos el tener noticias de sus seres queridos.<\/p>\n\n\n\n<p>La diputada presidenta de&nbsp; la Comisi\u00f3n de Igualdad de G\u00e9nero y Contra la Trata de Personas Lorena Ru\u00edz Garc\u00eda, enfatiz\u00f3 que al estar al frente de dicha comisi\u00f3n est\u00e1 convencida de que la difusi\u00f3n de la informaci\u00f3n es preponderante, porque nos permite analizar el problema al que nos enfrentamos&nbsp; y as\u00ed tener la posibilidad de implementar acciones a trav\u00e9s del Congreso para darle una soluci\u00f3n.<\/p>\n\n\n\n<p>Finalmente, precis\u00f3 que de acuerdo a cifras oficiales dadas a conocer en las \u00faltimas horas&nbsp; a trav\u00e9s del Censo Nacional&nbsp; de Seguridad P\u00fablica Estatal 2021 del INEGI, informa que las instituciones de seguridad de Puebla y Tlaxcala conocieron de 140 y 61 reportes, respectivamente de personas desaparecidas&nbsp; o no localizadas y en 4 de cada 10 casos se trata de mujeres, en el caso de Tlaxcala de forma espec\u00edfica de los 61 reportes de desaparecidos solo 21 pasaron al estatus como personas localizadas; es por ello que se valora que haya personas que se preocupan por recopilar informaci\u00f3n analizarla y compartirla.<\/p>\n","protected":false},"excerpt":{"rendered":"<p>Durante la presentaci\u00f3n del libro \u201cDesapariciones en M\u00e9xico\u201d, en el patio Vitral del Congreso del Estado, la diputada presidenta de\u00a0 la Comisi\u00f3n de Igualdad de G\u00e9nero y Contra la Trata de Personas Lorena Ru\u00edz Garc\u00eda, reconoci\u00f3 el trabajo realizado por su hom\u00f3logo Juan Manuel Cambr\u00f3n Soria, para lograr la impresi\u00f3n del an\u00e1lisis socio-jur\u00eddico de dicho [&hellip;]<\/p>\n","protected":false},"author":12,"featured_media":0,"comment_status":"closed","ping_status":"open","sticky":false,"template":"","format":"standard","meta":{"om_disable_all_campaigns":false,"_monsterinsights_skip_tracking":false,"_monsterinsights_sitenote_active":false,"_monsterinsights_sitenote_note":"","_monsterinsights_sitenote_category":0,"jnews-multi-image_gallery":[],"jnews_single_post":[],"jnews_primary_category":[],"footnotes":""},"categories":[],"tags":[],"class_list":["post-77566","post","type-post","status-publish","format-standard","hentry"],"aioseo_notices":[],"_links":{"self":[{"href":"https:\/\/estado29.mx\/index.php?rest_route=\/wp\/v2\/posts\/77566","targetHints":{"allow":["GET"]}}],"collection":[{"href":"https:\/\/estado29.mx\/index.php?rest_route=\/wp\/v2\/posts"}],"about":[{"href":"https:\/\/estado29.mx\/index.php?rest_route=\/wp\/v2\/types\/post"}],"author":[{"embeddable":true,"href":"https:\/\/estado29.mx\/index.php?rest_route=\/wp\/v2\/users\/12"}],"replies":[{"embeddable":true,"href":"https:\/\/estado29.mx\/index.php?rest_route=%2Fwp%2Fv2%2Fcomments&post=77566"}],"version-history":[{"count":1,"href":"https:\/\/estado29.mx\/index.php?rest_route=\/wp\/v2\/posts\/77566\/revisions"}],"predecessor-version":[{"id":77569,"href":"https:\/\/estado29.mx\/index.php?rest_route=\/wp\/v2\/posts\/77566\/revisions\/77569"}],"wp:attachment":[{"href":"https:\/\/estado29.mx\/index.php?rest_route=%2Fwp%2Fv2%2Fmedia&parent=77566"}],"wp:term":[{"taxonomy":"category","embeddable":true,"href":"https:\/\/estado29.mx\/index.php?rest_route=%2Fwp%2Fv2%2Fcategories&post=77566"},{"taxonomy":"post_tag","embeddable":true,"href":"https:\/\/estado29.mx\/index.php?rest_route=%2Fwp%2Fv2%2Ftags&post=77566"}],"curies":[{"name":"wp","href":"https:\/\/api.w.org\/{rel}","templated":true}]}}