{"id":77578,"date":"2021-10-21T07:26:45","date_gmt":"2021-10-21T12:26:45","guid":{"rendered":"https:\/\/estado29.mx\/?p=77578"},"modified":"2021-10-21T07:26:57","modified_gmt":"2021-10-21T12:26:57","slug":"lorena-cuellar-inauguro-el-foro-impulsar-la-igualdad-transformando-desde-lo-local-organizado-por-el-inmujeres","status":"publish","type":"post","link":"https:\/\/estado29.mx\/?p=77578","title":{"rendered":"Lorena Cu\u00e9llar inaugur\u00f3 el foro \u201cimpulsar la igualdad transformando desde lo local\u201d, organizado por el INMUJERES"},"content":{"rendered":"\n<p><em>* El fin es lograr sinergias entre el gobierno estatal y federal para prevenir la violencia contra las mujeres.<\/em><\/p>\n\n\n\n<p>La gobernadora Lorena Cu\u00e9llar Cisneros y la presidenta del Instituto Nacional de las Mujeres (Inmujeres), Nadine Gasman Zylbermann, inauguraron el foro \u201cImpulsar la igualdad transformando desde lo local\u201d, que tiene como objetivo intercambiar informaci\u00f3n con autoridades de los tres Poderes y niveles de gobierno, as\u00ed como con la sociedad civil e impulsar pol\u00edticas p\u00fablicas con paridad de g\u00e9nero.<\/p>\n\n\n\n<p>Durante el evento realizado en el Centro de Convenciones de la ciudad capital, la titular del Ejecutivo local manifest\u00f3 su disposici\u00f3n de generar sinergias con todas las instituciones p\u00fablicas para prevenir la violencia contra las mujeres y propiciar su pleno desarrollo personal, laboral y profesional.<\/p>\n\n\n\n<p>\u201cHoy tenemos que construir una agenda que nos permita precisamente cumplirles a esas mujeres que han luchado durante muchos a\u00f1os por esa igualdad, por ese respeto, soy una gobernadora que las va acompa\u00f1ar en todas sus demandas\u201d, coment\u00f3.<\/p>\n\n\n\n<p>Mencion\u00f3 que desde el inicio de su administraci\u00f3n impuls\u00f3 estrategias e instruy\u00f3 acciones inmediatas para proteger a todas las tlaxcaltecas como fue la activaci\u00f3n de la Alerta de Violencia de G\u00e9nero contra las Mujeres (AVGM).<\/p>\n\n\n\n<p>\u201cEstamos atendiendo toda la agenda que se inici\u00f3 desde antes de tomar protesta, activamos la alerta de g\u00e9nero, ya formamos el Consejo para dar seguimiento a las acciones en contra de la violencia hacia las mujeres, todos los d\u00edas estamos trabajando para este tema, Tlaxcala va a dar resultados a nivel nacional y hoy tambi\u00e9n las mujeres van a ser atendidas\u201d, se\u00f1al\u00f3.<\/p>\n\n\n\n<p>En su intervenci\u00f3n, Gasman Zylbermann resalt\u00f3 que uno de los principales compromisos del presidente Andr\u00e9s Manuel L\u00f3pez Obrador es apoyar al sector femenil de todo el pa\u00eds, a trav\u00e9s de la eliminaci\u00f3n de las desigualdades, con la promoci\u00f3n del ejercicio de sus derechos a plenitud y garantizando su autonom\u00eda.<\/p>\n\n\n\n<p>De ah\u00ed que subray\u00f3 la importancia del trabajo conjunto para construir estrategias desde lo local que se coincidan con el Programa Nacional de Igualdad entre Mujeres y Hombres 2020-2024 (Proigualdad) y confi\u00f3 en que con el respaldo de la mandataria estatal se transformar\u00e1 la vida de las ni\u00f1as, adolescentes y mujeres del estado.&nbsp;<\/p>\n\n\n\n<p>\u201cEstamos convencidas que el cambio de gobierno en esta entidad ofrece la posibilidad de territorializar, armonizar y vincular la pol\u00edtica estatal y municipal de igualdad con los objetivos y las metas del Programa Nacional. Estamos listas para caminar con ustedes y transformar la realidad para las mujeres, estoy convencida que, con el liderazgo de la gobernadora, Tlaxcala ser\u00e1 un ejemplo para todo el pa\u00eds\u201d, expres\u00f3.<\/p>\n\n\n\n<p>En tanto, la presidenta del Instituto Estatal de la Mujer (IEM), Margarita Cisneros Tzoni destac\u00f3 que despu\u00e9s de 29 a\u00f1os, Tlaxcala cuenta con su segunda gobernadora y eso favorecer\u00e1 la construcci\u00f3n de una sociedad m\u00e1s humana, igualitaria y justa.<\/p>\n\n\n\n<p>El foro \u201cImpulsar la igualdad transformando desde lo local\u201d estuvo integrado por cuatro mesas con los temas \u201cAutonom\u00eda y cuidados\u201d, \u201cParticipaci\u00f3n igualitaria, \u201cSalud y bienestar\u201d y \u201cComunidades en paz y violencia\u201d.<\/p>\n\n\n\n<p>Al acto protocolario de inauguraci\u00f3n tambi\u00e9n asistieron las presidentas de la Comisi\u00f3n de Igualdad de G\u00e9nero y Contra la Trata de Personas del Congreso local, Lorena Ruiz Garc\u00eda; de la Comisi\u00f3n Estatal de Derechos Humanos (CEDH), Jaqkeline Ord\u00f3\u00f1ez Brasdefer; del Instituto Tlaxcalteca de Elecciones (ITE), Elizabeth Piedras Mart\u00ednez y el magistrado presidente del Poder Judicial, H\u00e9ctor Maldonado Bonilla.<\/p>\n","protected":false},"excerpt":{"rendered":"<p>* El fin es lograr sinergias entre el gobierno estatal y federal para prevenir la violencia contra las mujeres. La gobernadora Lorena Cu\u00e9llar Cisneros y la presidenta del Instituto Nacional de las Mujeres (Inmujeres), Nadine Gasman Zylbermann, inauguraron el foro \u201cImpulsar la igualdad transformando desde lo local\u201d, que tiene como objetivo intercambiar informaci\u00f3n con autoridades [&hellip;]<\/p>\n","protected":false},"author":12,"featured_media":0,"comment_status":"closed","ping_status":"open","sticky":false,"template":"","format":"standard","meta":{"om_disable_all_campaigns":false,"_monsterinsights_skip_tracking":false,"_monsterinsights_sitenote_active":false,"_monsterinsights_sitenote_note":"","_monsterinsights_sitenote_category":0,"jnews-multi-image_gallery":[],"jnews_single_post":[],"jnews_primary_category":[],"footnotes":""},"categories":[],"tags":[],"class_list":["post-77578","post","type-post","status-publish","format-standard","hentry"],"aioseo_notices":[],"_links":{"self":[{"href":"https:\/\/estado29.mx\/index.php?rest_route=\/wp\/v2\/posts\/77578","targetHints":{"allow":["GET"]}}],"collection":[{"href":"https:\/\/estado29.mx\/index.php?rest_route=\/wp\/v2\/posts"}],"about":[{"href":"https:\/\/estado29.mx\/index.php?rest_route=\/wp\/v2\/types\/post"}],"author":[{"embeddable":true,"href":"https:\/\/estado29.mx\/index.php?rest_route=\/wp\/v2\/users\/12"}],"replies":[{"embeddable":true,"href":"https:\/\/estado29.mx\/index.php?rest_route=%2Fwp%2Fv2%2Fcomments&post=77578"}],"version-history":[{"count":1,"href":"https:\/\/estado29.mx\/index.php?rest_route=\/wp\/v2\/posts\/77578\/revisions"}],"predecessor-version":[{"id":77581,"href":"https:\/\/estado29.mx\/index.php?rest_route=\/wp\/v2\/posts\/77578\/revisions\/77581"}],"wp:attachment":[{"href":"https:\/\/estado29.mx\/index.php?rest_route=%2Fwp%2Fv2%2Fmedia&parent=77578"}],"wp:term":[{"taxonomy":"category","embeddable":true,"href":"https:\/\/estado29.mx\/index.php?rest_route=%2Fwp%2Fv2%2Fcategories&post=77578"},{"taxonomy":"post_tag","embeddable":true,"href":"https:\/\/estado29.mx\/index.php?rest_route=%2Fwp%2Fv2%2Ftags&post=77578"}],"curies":[{"name":"wp","href":"https:\/\/api.w.org\/{rel}","templated":true}]}}