{"id":77607,"date":"2021-10-22T07:14:54","date_gmt":"2021-10-22T12:14:54","guid":{"rendered":"https:\/\/estado29.mx\/?p=77607"},"modified":"2021-10-22T07:15:10","modified_gmt":"2021-10-22T12:15:10","slug":"inicio-programa-para-atender-a-la-ninez-con-dano-socioemocional-por-pandemia","status":"publish","type":"post","link":"https:\/\/estado29.mx\/?p=77607","title":{"rendered":"Inici\u00f3 programa para atender a la ni\u00f1ez con da\u00f1o socioemocional por pandemia"},"content":{"rendered":"\n<p><em>*La salud f\u00edsica y emocional de este sector de la poblaci\u00f3n es un tema de suma importancia para la administraci\u00f3n estatal.<\/em><\/p>\n\n\n\n<p>El Sistema Estatal para el Desarrollo Integral de la Familia (Sedif), en coordinaci\u00f3n con la Secretar\u00eda de Educaci\u00f3n P\u00fablica del Estado (SEPE), marc\u00f3 el inicio del Programa de Atenci\u00f3n Socioemocional para Ni\u00f1as, Ni\u00f1os y Adolescentes con la participaci\u00f3n de 15 psic\u00f3logos capacitados para prestar atenci\u00f3n especializada a la ni\u00f1ez con alg\u00fan tipo de da\u00f1o provocado por la pandemia.<\/p>\n\n\n\n<p>La salud f\u00edsica y emocional de las ni\u00f1as, ni\u00f1os y adolescentes (NNA) es uno de los ejes importantes del Gobierno del Estado que encabeza Lorena Cu\u00e9llar Cisneros. En esa concordancia el Sedif y la SEPE-USET emprendieron el primer programa de este tipo en M\u00e9xico, para atender las realidades a las que han estado expuestos los NNA desde el estr\u00e9s psicosocial, las p\u00e9rdidas de padres, madres, familiares y amigos por el coronavirus, infecciones de familiares directos, y la falta de convivencia social con ni\u00f1os de su misma edad.<\/p>\n\n\n\n<p>La directora general del Sedif, Laura Garc\u00eda S\u00e1nchez, subray\u00f3 que \u201csi bien es cierto que las ni\u00f1as, ni\u00f1os y adolescentes no han sido el grupo de edad m\u00e1s afectado en cuanto a contagios, en realidad es que ellos han estado expuestos al estr\u00e9s psicosocial y problemas psicol\u00f3gicos. Como ya todos sabemos, para nuestra gobernadora Lorena Cu\u00e9llar Cisneros, la salud f\u00edsica y emocional es un tema de suma importancia en su administraci\u00f3n, al igual que para la presidenta honor\u00edfica, Mariana Espinosa de los Monteros Cu\u00e9llar, pues nuestro compromiso especial es con la ni\u00f1ez tlaxcalteca\u201d.<\/p>\n\n\n\n<p>Y agreg\u00f3 que \u201cpor ello con mucho entusiasmo nos es grato anunciar que estamos iniciando nuestro Programa de Atenci\u00f3n Socioemocional para Ni\u00f1as, Ni\u00f1os y Adolescentes por afectaciones de la pandemia Covid-19, de manera que nos hemos preparado para dar atenci\u00f3n inmediata con psic\u00f3logos capacitados y certificados en la atenci\u00f3n espec\u00edfica que se requiere\u201d.<\/p>\n\n\n\n<p>Expuso que es un programa muy noble que han desarrollado con la Secretar\u00eda de Educaci\u00f3n P\u00fablica del Estado, mediante el trabajo conjunto con el objetivo de lograr importantes resultados para escribir una nueva historia para Tlaxcala.<\/p>\n\n\n\n<p>En su oportunidad, el encargado del programa, Alejandro Di Grazia Rao reconoci\u00f3 que las y los 15 psic\u00f3logos est\u00e1n capacitados para acompa\u00f1ar a los ni\u00f1os, ni\u00f1as y adolescentes que \u201clleguen con su dolor en las manos para que juntos logren cicatrizar y curar\u201d.<\/p>\n\n\n\n<p>Recalc\u00f3 que entre la poblaci\u00f3n infantil de Tlaxcala existe una necesidad de contenci\u00f3n y acompa\u00f1amiento para superar problemas psicol\u00f3gicos, a trav\u00e9s de una gu\u00eda para la aplicaci\u00f3n de un protocolo para la detecci\u00f3n de situaciones socioemocionales relacionadas con ansiedad, depresi\u00f3n, estr\u00e9s y estr\u00e9s postraum\u00e1tico que pudieran afectar el aprendizaje de infantes y la normal convivencia en los planteles.<\/p>\n","protected":false},"excerpt":{"rendered":"<p>*La salud f\u00edsica y emocional de este sector de la poblaci\u00f3n es un tema de suma importancia para la administraci\u00f3n estatal. El Sistema Estatal para el Desarrollo Integral de la Familia (Sedif), en coordinaci\u00f3n con la Secretar\u00eda de Educaci\u00f3n P\u00fablica del Estado (SEPE), marc\u00f3 el inicio del Programa de Atenci\u00f3n Socioemocional para Ni\u00f1as, Ni\u00f1os y [&hellip;]<\/p>\n","protected":false},"author":12,"featured_media":0,"comment_status":"closed","ping_status":"open","sticky":false,"template":"","format":"standard","meta":{"om_disable_all_campaigns":false,"_monsterinsights_skip_tracking":false,"_monsterinsights_sitenote_active":false,"_monsterinsights_sitenote_note":"","_monsterinsights_sitenote_category":0,"jnews-multi-image_gallery":[],"jnews_single_post":[],"jnews_primary_category":[],"footnotes":""},"categories":[],"tags":[],"class_list":["post-77607","post","type-post","status-publish","format-standard","hentry"],"aioseo_notices":[],"_links":{"self":[{"href":"https:\/\/estado29.mx\/index.php?rest_route=\/wp\/v2\/posts\/77607","targetHints":{"allow":["GET"]}}],"collection":[{"href":"https:\/\/estado29.mx\/index.php?rest_route=\/wp\/v2\/posts"}],"about":[{"href":"https:\/\/estado29.mx\/index.php?rest_route=\/wp\/v2\/types\/post"}],"author":[{"embeddable":true,"href":"https:\/\/estado29.mx\/index.php?rest_route=\/wp\/v2\/users\/12"}],"replies":[{"embeddable":true,"href":"https:\/\/estado29.mx\/index.php?rest_route=%2Fwp%2Fv2%2Fcomments&post=77607"}],"version-history":[{"count":1,"href":"https:\/\/estado29.mx\/index.php?rest_route=\/wp\/v2\/posts\/77607\/revisions"}],"predecessor-version":[{"id":77610,"href":"https:\/\/estado29.mx\/index.php?rest_route=\/wp\/v2\/posts\/77607\/revisions\/77610"}],"wp:attachment":[{"href":"https:\/\/estado29.mx\/index.php?rest_route=%2Fwp%2Fv2%2Fmedia&parent=77607"}],"wp:term":[{"taxonomy":"category","embeddable":true,"href":"https:\/\/estado29.mx\/index.php?rest_route=%2Fwp%2Fv2%2Fcategories&post=77607"},{"taxonomy":"post_tag","embeddable":true,"href":"https:\/\/estado29.mx\/index.php?rest_route=%2Fwp%2Fv2%2Ftags&post=77607"}],"curies":[{"name":"wp","href":"https:\/\/api.w.org\/{rel}","templated":true}]}}