{"id":77701,"date":"2021-10-28T07:31:33","date_gmt":"2021-10-28T12:31:33","guid":{"rendered":"https:\/\/estado29.mx\/?p=77701"},"modified":"2021-10-28T07:31:45","modified_gmt":"2021-10-28T12:31:45","slug":"efectua-uatx-festival-la-muerte-tiene-permiso","status":"publish","type":"post","link":"https:\/\/estado29.mx\/?p=77701","title":{"rendered":"Efect\u00faa UATx festival la muerte tiene permiso"},"content":{"rendered":"\n<p>Con un amplio programa alusivo a las actividades del d\u00eda de muertos, la Universidad Aut\u00f3noma de Tlaxcala (UATx), a trav\u00e9s de la Licenciatura en Lengua y Literatura Hispanoamericana que se imparte en la Facultad de Filosof\u00eda y Letras, efect\u00fao la inauguraci\u00f3n del \u201cXXXIII Festival la muerte tiene permiso. In memoriam Rosario Castellanos\u201d, el cual concluir\u00e1 el pr\u00f3ximo 29 de octubre.<\/p>\n\n\n\n<p>En su mensaje, a nombre del Dr. Luis Gonz\u00e1lez Placencia, Rector de la UATx, el Mtro. Alejandro Palma Su\u00e1rez, Secretario de Extensi\u00f3n Universitaria y Difusi\u00f3n Cultural, mencion\u00f3 que, este evento cobra una gran relevancia por traer a la memoria a la escritora mexicana Rosario Castellanos, quien, a lo largo de su trayectoria, destac\u00f3 como poetiza, dramaturga y novelista, por su permanente labor de promoci\u00f3n de la cultura, su actividad docente, as\u00ed como su producci\u00f3n period\u00edstica, que la llevaron a colocarse como una destacada diplom\u00e1tica.<\/p>\n\n\n\n<p>Por su parte, el Mtro. Jorge Mario Gal\u00e1n D\u00edaz, Director encargado de la Facultad de Filosof\u00eda y Letras, expuso que, por la propagaci\u00f3n del SARS-CoV-2 que ha cobrado la vida de miles de personas, esta \u00e1rea prepar\u00f3 una serie de actividades acad\u00e9micas y art\u00edsticas de manera virtual, para seguir contribuyendo a la preservaci\u00f3n de esta tradici\u00f3n considerada patrimonio cultural inmaterial.<\/p>\n\n\n\n<p>En tanto, la estudiante Ana Gabriela S\u00e1nchez Polvo, en representaci\u00f3n del comit\u00e9 organizador, dijo que, este evento, tiene una dedicatoria especial: al Mtro. Rub\u00e9n Reyes C\u00f3rdoba, ex rector de la Aut\u00f3noma de Tlaxcala, y al Dr. Rodolfo Ortiz, Secretario de Autorrealizaci\u00f3n, as\u00ed como a destacados universitarios, quienes abonaron con su labor y experticia al engrandecimiento de esta alma m\u00e1ter.<\/p>\n\n\n\n<p>Entre las actividades que se desarrollar\u00e1n en estos tres d\u00edas, se prev\u00e9n presentaciones de danza, m\u00fasica, literatura, exposiciones de artes pl\u00e1sticas y fotograf\u00eda, as\u00ed como la premiaci\u00f3n de los concursos de cuento, calavera y disfraz.<\/p>\n\n\n\n<p>Cabe destacar que el \u201cXXXIII Festival la muerte tiene permiso. In memoriam Rosario Castellanos\u201d, es organizado por alumnos del quinto semestre de la Licenciatura en Lengua y Literatura Hispanoamericana.<\/p>\n","protected":false},"excerpt":{"rendered":"<p>Con un amplio programa alusivo a las actividades del d\u00eda de muertos, la Universidad Aut\u00f3noma de Tlaxcala (UATx), a trav\u00e9s de la Licenciatura en Lengua y Literatura Hispanoamericana que se imparte en la Facultad de Filosof\u00eda y Letras, efect\u00fao la inauguraci\u00f3n del \u201cXXXIII Festival la muerte tiene permiso. In memoriam Rosario Castellanos\u201d, el cual concluir\u00e1 [&hellip;]<\/p>\n","protected":false},"author":12,"featured_media":0,"comment_status":"closed","ping_status":"open","sticky":false,"template":"","format":"standard","meta":{"om_disable_all_campaigns":false,"_monsterinsights_skip_tracking":false,"_monsterinsights_sitenote_active":false,"_monsterinsights_sitenote_note":"","_monsterinsights_sitenote_category":0,"jnews-multi-image_gallery":[],"jnews_single_post":[],"jnews_primary_category":[],"footnotes":""},"categories":[],"tags":[],"class_list":["post-77701","post","type-post","status-publish","format-standard","hentry"],"aioseo_notices":[],"_links":{"self":[{"href":"https:\/\/estado29.mx\/index.php?rest_route=\/wp\/v2\/posts\/77701","targetHints":{"allow":["GET"]}}],"collection":[{"href":"https:\/\/estado29.mx\/index.php?rest_route=\/wp\/v2\/posts"}],"about":[{"href":"https:\/\/estado29.mx\/index.php?rest_route=\/wp\/v2\/types\/post"}],"author":[{"embeddable":true,"href":"https:\/\/estado29.mx\/index.php?rest_route=\/wp\/v2\/users\/12"}],"replies":[{"embeddable":true,"href":"https:\/\/estado29.mx\/index.php?rest_route=%2Fwp%2Fv2%2Fcomments&post=77701"}],"version-history":[{"count":1,"href":"https:\/\/estado29.mx\/index.php?rest_route=\/wp\/v2\/posts\/77701\/revisions"}],"predecessor-version":[{"id":77704,"href":"https:\/\/estado29.mx\/index.php?rest_route=\/wp\/v2\/posts\/77701\/revisions\/77704"}],"wp:attachment":[{"href":"https:\/\/estado29.mx\/index.php?rest_route=%2Fwp%2Fv2%2Fmedia&parent=77701"}],"wp:term":[{"taxonomy":"category","embeddable":true,"href":"https:\/\/estado29.mx\/index.php?rest_route=%2Fwp%2Fv2%2Fcategories&post=77701"},{"taxonomy":"post_tag","embeddable":true,"href":"https:\/\/estado29.mx\/index.php?rest_route=%2Fwp%2Fv2%2Ftags&post=77701"}],"curies":[{"name":"wp","href":"https:\/\/api.w.org\/{rel}","templated":true}]}}