{"id":77713,"date":"2021-10-28T07:38:46","date_gmt":"2021-10-28T12:38:46","guid":{"rendered":"https:\/\/estado29.mx\/?p=77713"},"modified":"2021-10-28T07:39:00","modified_gmt":"2021-10-28T12:39:00","slug":"aprehende-pgje-a-sujeto-acusado-de-violacion-equiparada-contra-una-menor-de-edad","status":"publish","type":"post","link":"https:\/\/estado29.mx\/?p=77713","title":{"rendered":"Aprehende PGJE a sujeto acusado de violaci\u00f3n equiparada contra una menor de edad."},"content":{"rendered":"\n<p>\u2022 La detenci\u00f3n se logra derivado del trabajo coordinado con elementos de la Fiscal\u00eda de Puebla<\/p>\n\n\n\n<p>Producto del trabajo coordinado entre la Procuradur\u00eda General de Justicia del Estado de Tlaxcala (PGJE) y la Fiscal\u00eda General del Estado de Puebla, fue posible la captura de Manuel L., sobre quien pesaba una orden de aprehensi\u00f3n por el delito de violaci\u00f3n equiparada en contra de una menor de edad.<\/p>\n\n\n\n<p>La detenci\u00f3n se hizo posible derivado del trabajo de campo de los elementos de la polic\u00eda de investigaci\u00f3n adscritos a la PGJE que dieron con el paradero del sujeto de 44 a\u00f1os de edad en la poblaci\u00f3n de San Pedro Ecatepec, municipio de Atlangatepec, de donde es originario.<\/p>\n\n\n\n<p>Tras entrevistarse con oficiales de la Fiscal\u00eda de Puebla, de la Coordinaci\u00f3n de las Unidades de Apoyo Policial de la Fiscal\u00eda Especializada en Investigaci\u00f3n de Delitos de G\u00e9nero y Violencia contra las Mujeres, se estableci\u00f3 vigilancia f\u00edsica sobre el camino conocido que desemboca a la laguna en la localidad referida.<\/p>\n\n\n\n<p>Ah\u00ed, los agentes lograron avistar a una persona del g\u00e9nero masculino que coincid\u00eda con las caracter\u00edsticas del sujeto que buscan. Luego de darle a conocer sus derechos, se dio cumplimiento a la causa penal y fue trasladado al centro de detenci\u00f3n correspondiente en espera del procedimiento legal para que responda por los hechos se\u00f1alados.<\/p>\n\n\n\n<p>Con acciones apegadas al marco jur\u00eddico competente, la PGJE garantiza fincar responsabilidades y obtener la reparaci\u00f3n del da\u00f1o a favor de los familiares de las v\u00edctimas u ofendidos.<\/p>\n","protected":false},"excerpt":{"rendered":"<p>\u2022 La detenci\u00f3n se logra derivado del trabajo coordinado con elementos de la Fiscal\u00eda de Puebla Producto del trabajo coordinado entre la Procuradur\u00eda General de Justicia del Estado de Tlaxcala (PGJE) y la Fiscal\u00eda General del Estado de Puebla, fue posible la captura de Manuel L., sobre quien pesaba una orden de aprehensi\u00f3n por el [&hellip;]<\/p>\n","protected":false},"author":12,"featured_media":0,"comment_status":"closed","ping_status":"open","sticky":false,"template":"","format":"standard","meta":{"om_disable_all_campaigns":false,"_monsterinsights_skip_tracking":false,"_monsterinsights_sitenote_active":false,"_monsterinsights_sitenote_note":"","_monsterinsights_sitenote_category":0,"jnews-multi-image_gallery":[],"jnews_single_post":[],"jnews_primary_category":[],"footnotes":""},"categories":[],"tags":[],"class_list":["post-77713","post","type-post","status-publish","format-standard","hentry"],"aioseo_notices":[],"_links":{"self":[{"href":"https:\/\/estado29.mx\/index.php?rest_route=\/wp\/v2\/posts\/77713","targetHints":{"allow":["GET"]}}],"collection":[{"href":"https:\/\/estado29.mx\/index.php?rest_route=\/wp\/v2\/posts"}],"about":[{"href":"https:\/\/estado29.mx\/index.php?rest_route=\/wp\/v2\/types\/post"}],"author":[{"embeddable":true,"href":"https:\/\/estado29.mx\/index.php?rest_route=\/wp\/v2\/users\/12"}],"replies":[{"embeddable":true,"href":"https:\/\/estado29.mx\/index.php?rest_route=%2Fwp%2Fv2%2Fcomments&post=77713"}],"version-history":[{"count":1,"href":"https:\/\/estado29.mx\/index.php?rest_route=\/wp\/v2\/posts\/77713\/revisions"}],"predecessor-version":[{"id":77716,"href":"https:\/\/estado29.mx\/index.php?rest_route=\/wp\/v2\/posts\/77713\/revisions\/77716"}],"wp:attachment":[{"href":"https:\/\/estado29.mx\/index.php?rest_route=%2Fwp%2Fv2%2Fmedia&parent=77713"}],"wp:term":[{"taxonomy":"category","embeddable":true,"href":"https:\/\/estado29.mx\/index.php?rest_route=%2Fwp%2Fv2%2Fcategories&post=77713"},{"taxonomy":"post_tag","embeddable":true,"href":"https:\/\/estado29.mx\/index.php?rest_route=%2Fwp%2Fv2%2Ftags&post=77713"}],"curies":[{"name":"wp","href":"https:\/\/api.w.org\/{rel}","templated":true}]}}