{"id":78633,"date":"2021-12-17T07:25:39","date_gmt":"2021-12-17T13:25:39","guid":{"rendered":"https:\/\/estado29.mx\/?p=78633"},"modified":"2021-12-17T07:25:54","modified_gmt":"2021-12-17T13:25:54","slug":"aprehende-pgje-a-imputado-por-homicidio-calificado-ocurrido-en-nanacamilpa","status":"publish","type":"post","link":"https:\/\/estado29.mx\/?p=78633","title":{"rendered":"Aprehende PGJE a imputado por homicidio calificado ocurrido en Nanacamilpa"},"content":{"rendered":"\n<p><br><br>\u2022 El indiciado lesion\u00f3 en el cuello a la v\u00edctima con un arma blanca provoc\u00e1ndole la muerte.<br><br>Resultado de una acci\u00f3n coordinada entre agentes del Ministerio P\u00fablico, peritos y oficiales de la Polic\u00eda de Investigaci\u00f3n adscritos a la Procuradur\u00eda General de Justicia del Estado (PGJE), se logr\u00f3 la aprehensi\u00f3n de Carlos N., quien cuenta con un proceso en su contra por el delito de homicidio calificado de un hombre ocurrido en el municipio de Nanacamilpa.<\/p>\n\n\n\n<p>De acuerdo a la informaci\u00f3n documentada, el 5 de diciembre del a\u00f1o en curso, el indiciado lesion\u00f3 a la v\u00edctima con un arma blanca en el cuello derivado de problemas personales durante una congregaci\u00f3n de motociclistas, por lo que la persona herida fue trasladada a un nosocomio en el municipio de Calpulalpan para su atenci\u00f3n m\u00e9dica; sin embargo, horas despu\u00e9s perdi\u00f3 la vida.<\/p>\n\n\n\n<p>Por ese hecho, la Polic\u00eda de Investigaci\u00f3n mediante trabajo operativo y de campo recab\u00f3 la informaci\u00f3n necesaria que fue integrada a la Carpeta de Investigaci\u00f3n correspondiente, lo que permiti\u00f3 al Agente del Ministerio P\u00fablico conseguir ante el Juez de Control la orden de b\u00fasqueda y aprehensi\u00f3n por el delito de homicidio calificado en contra de Carlos N.<\/p>\n\n\n\n<p>Con el mandamiento judicial, los investigadores establecieron que el indiciado podr\u00eda ser localizado en el municipio de Calpulalpan, por lo que se trasladaron a dicha demarcaci\u00f3n donde dieron cumplimiento a la orden.<br>Por lo anterior, Carlos N., de 29 a\u00f1os de edad, fue ingresado al Centro de Reinserci\u00f3n Social (Cereso), desde donde enfrentar\u00e1 su situaci\u00f3n legal.<br>Es as\u00ed como la Procuradur\u00eda de Tlaxcala, ratifica su compromiso con la sociedad tlaxcalteca de esclarecer diferentes delitos a trav\u00e9s de las herramientas jur\u00eddicas y operativas necesarias, erradicando as\u00ed cualquier acto de impunidad y garantizando la justicia a las v\u00edctimas.<\/p>\n","protected":false},"excerpt":{"rendered":"<p>\u2022 El indiciado lesion\u00f3 en el cuello a la v\u00edctima con un arma blanca provoc\u00e1ndole la muerte. Resultado de una acci\u00f3n coordinada entre agentes del Ministerio P\u00fablico, peritos y oficiales de la Polic\u00eda de Investigaci\u00f3n adscritos a la Procuradur\u00eda General de Justicia del Estado (PGJE), se logr\u00f3 la aprehensi\u00f3n de Carlos N., quien cuenta con [&hellip;]<\/p>\n","protected":false},"author":12,"featured_media":0,"comment_status":"closed","ping_status":"open","sticky":false,"template":"","format":"standard","meta":{"om_disable_all_campaigns":false,"_monsterinsights_skip_tracking":false,"_monsterinsights_sitenote_active":false,"_monsterinsights_sitenote_note":"","_monsterinsights_sitenote_category":0,"jnews-multi-image_gallery":[],"jnews_single_post":[],"jnews_primary_category":[],"footnotes":""},"categories":[],"tags":[],"class_list":["post-78633","post","type-post","status-publish","format-standard","hentry"],"aioseo_notices":[],"_links":{"self":[{"href":"https:\/\/estado29.mx\/index.php?rest_route=\/wp\/v2\/posts\/78633","targetHints":{"allow":["GET"]}}],"collection":[{"href":"https:\/\/estado29.mx\/index.php?rest_route=\/wp\/v2\/posts"}],"about":[{"href":"https:\/\/estado29.mx\/index.php?rest_route=\/wp\/v2\/types\/post"}],"author":[{"embeddable":true,"href":"https:\/\/estado29.mx\/index.php?rest_route=\/wp\/v2\/users\/12"}],"replies":[{"embeddable":true,"href":"https:\/\/estado29.mx\/index.php?rest_route=%2Fwp%2Fv2%2Fcomments&post=78633"}],"version-history":[{"count":1,"href":"https:\/\/estado29.mx\/index.php?rest_route=\/wp\/v2\/posts\/78633\/revisions"}],"predecessor-version":[{"id":78636,"href":"https:\/\/estado29.mx\/index.php?rest_route=\/wp\/v2\/posts\/78633\/revisions\/78636"}],"wp:attachment":[{"href":"https:\/\/estado29.mx\/index.php?rest_route=%2Fwp%2Fv2%2Fmedia&parent=78633"}],"wp:term":[{"taxonomy":"category","embeddable":true,"href":"https:\/\/estado29.mx\/index.php?rest_route=%2Fwp%2Fv2%2Fcategories&post=78633"},{"taxonomy":"post_tag","embeddable":true,"href":"https:\/\/estado29.mx\/index.php?rest_route=%2Fwp%2Fv2%2Ftags&post=78633"}],"curies":[{"name":"wp","href":"https:\/\/api.w.org\/{rel}","templated":true}]}}