{"id":78653,"date":"2021-12-17T07:37:59","date_gmt":"2021-12-17T13:37:59","guid":{"rendered":"https:\/\/estado29.mx\/?p=78653"},"modified":"2021-12-17T07:39:54","modified_gmt":"2021-12-17T13:39:54","slug":"iniciara-sepe-uset-periodo-vacacional-el-proximo-20-de-diciembre","status":"publish","type":"post","link":"https:\/\/estado29.mx\/?p=78653","title":{"rendered":"Iniciar\u00e1 SEPE-USET periodo vacacional el pr\u00f3ximo 20 de diciembre"},"content":{"rendered":"\n<p><em>*Ser\u00e1n 373 mil 444 alumnos y 33 mil 949 trabajadores de la educaci\u00f3n los que disfrutar\u00e1n de asueto<\/em><\/p>\n\n\n\n<p>Como lo establece el Calendario Escolar, a partir del 20 de diciembre un total de 373 mil 444 alumnos de los diferentes niveles educativos iniciar\u00e1n el primer periodo vacacional correspondiente al ciclo lectivo 2021-2022, mismo que concluir\u00e1 el 31 de diciembre de 2021.<\/p>\n\n\n\n<p>El periodo de asueto tambi\u00e9n ser\u00e1 para 33 mil 949 trabajadores de la educaci\u00f3n que laboran en escuelas p\u00fablicas y privadas de todos los niveles, as\u00ed como en oficinas centrales del complejo administrativo SEPE-USET.<\/p>\n\n\n\n<p>El secretario de Educaci\u00f3n P\u00fablica del estado, Homero Meneses Hern\u00e1ndez solicit\u00f3 a los trabajadores de la educaci\u00f3n disfrutar de este periodo vacacional en familia, para retornar el pr\u00f3ximo a\u00f1o con mejores br\u00edos a fin de cumplir con el proyecto que encabeza la gobernadora Lorena Cu\u00e9llar Cisneros para transformar a Tlaxcala.<\/p>\n\n\n\n<p>La comunidad educativa disfrutar\u00e1 de este periodo vacacional y se reincorporar\u00e1 el lunes 3 de enero de 2022 a las actividades educativas en los 2 mil 96 planteles, con la finalidad de continuar con los planes y programas que determin\u00f3 la SEP federal.<\/p>\n\n\n\n<p>Asimismo, habl\u00f3 de la importancia de fortalecer el trabajo que se desarrolla durante los Consejos T\u00e9cnicos Escolares, donde uno de los objetivos centrales es mejorar los procesos de ense\u00f1anza-aprendizaje en beneficio de la ni\u00f1ez y juventud de la entidad.<\/p>\n","protected":false},"excerpt":{"rendered":"<p>*Ser\u00e1n 373 mil 444 alumnos y 33 mil 949 trabajadores de la educaci\u00f3n los que disfrutar\u00e1n de asueto Como lo establece el Calendario Escolar, a partir del 20 de diciembre un total de 373 mil 444 alumnos de los diferentes niveles educativos iniciar\u00e1n el primer periodo vacacional correspondiente al ciclo lectivo 2021-2022, mismo que concluir\u00e1 [&hellip;]<\/p>\n","protected":false},"author":12,"featured_media":0,"comment_status":"closed","ping_status":"open","sticky":false,"template":"","format":"standard","meta":{"om_disable_all_campaigns":false,"_monsterinsights_skip_tracking":false,"_monsterinsights_sitenote_active":false,"_monsterinsights_sitenote_note":"","_monsterinsights_sitenote_category":0,"jnews-multi-image_gallery":[],"jnews_single_post":[],"jnews_primary_category":[],"footnotes":""},"categories":[],"tags":[],"class_list":["post-78653","post","type-post","status-publish","format-standard","hentry"],"aioseo_notices":[],"_links":{"self":[{"href":"https:\/\/estado29.mx\/index.php?rest_route=\/wp\/v2\/posts\/78653","targetHints":{"allow":["GET"]}}],"collection":[{"href":"https:\/\/estado29.mx\/index.php?rest_route=\/wp\/v2\/posts"}],"about":[{"href":"https:\/\/estado29.mx\/index.php?rest_route=\/wp\/v2\/types\/post"}],"author":[{"embeddable":true,"href":"https:\/\/estado29.mx\/index.php?rest_route=\/wp\/v2\/users\/12"}],"replies":[{"embeddable":true,"href":"https:\/\/estado29.mx\/index.php?rest_route=%2Fwp%2Fv2%2Fcomments&post=78653"}],"version-history":[{"count":1,"href":"https:\/\/estado29.mx\/index.php?rest_route=\/wp\/v2\/posts\/78653\/revisions"}],"predecessor-version":[{"id":78656,"href":"https:\/\/estado29.mx\/index.php?rest_route=\/wp\/v2\/posts\/78653\/revisions\/78656"}],"wp:attachment":[{"href":"https:\/\/estado29.mx\/index.php?rest_route=%2Fwp%2Fv2%2Fmedia&parent=78653"}],"wp:term":[{"taxonomy":"category","embeddable":true,"href":"https:\/\/estado29.mx\/index.php?rest_route=%2Fwp%2Fv2%2Fcategories&post=78653"},{"taxonomy":"post_tag","embeddable":true,"href":"https:\/\/estado29.mx\/index.php?rest_route=%2Fwp%2Fv2%2Ftags&post=78653"}],"curies":[{"name":"wp","href":"https:\/\/api.w.org\/{rel}","templated":true}]}}