{"id":78750,"date":"2022-01-05T07:23:57","date_gmt":"2022-01-05T13:23:57","guid":{"rendered":"https:\/\/estado29.mx\/?p=78750"},"modified":"2022-01-05T07:24:13","modified_gmt":"2022-01-05T13:24:13","slug":"descarto-pgje-homicidio-doloso-de-hombre-encontrado-en-tizatlan","status":"publish","type":"post","link":"https:\/\/estado29.mx\/?p=78750","title":{"rendered":"Descart\u00f3 PGJE homicidio doloso de hombre encontrado en Tizatl\u00e1n"},"content":{"rendered":"\n<p><em>* Los hechos ocurrieron la ma\u00f1ana del 31 de diciembre de 2021.<\/em><\/p>\n\n\n\n<p>La Procuradur\u00eda General de Justicia del Estado (PGJE) determin\u00f3 que el hombre hallado sin vida el pasado 31 de diciembre de 2021 en la comunidad capitalina de Tizatl\u00e1n, muri\u00f3 por causas naturales, por lo que descart\u00f3 que haya sido v\u00edctima de un homicidio doloso.<\/p>\n\n\n\n<p>Fue el \u00faltimo d\u00eda de 2021 por la ma\u00f1ana, a un costado de la calle Insurgentes de la citada localidad perteneciente al municipio de Tlaxcala, que vecinos reportaron al Servicio de Emergencias 911 la presencia de una persona que yac\u00eda en el suelo y no respond\u00eda, por lo que al lugar se hicieron presentes como primeros respondientes polic\u00edas municipales de Tlaxcala y de la Secretar\u00eda de Seguridad Ciudadana (SSC).<\/p>\n\n\n\n<p>Tras confirmar que no contaba con signos vitales dieron parte a la PGJE, por lo que personal de la Polic\u00eda de Investigaci\u00f3n y del Servicio M\u00e9dico Forense (Semefo) acudi\u00f3 a realizar las indagatorias correspondientes.<\/p>\n\n\n\n<p>Despu\u00e9s de las diligencias periciales, se estableci\u00f3 que el individuo, de alrededor de 35 a\u00f1os de edad, muri\u00f3 por causas naturales, pues ya padec\u00eda una afecci\u00f3n cr\u00f3nico-degenerativa que lo sorprendi\u00f3 en la v\u00eda p\u00fablica, donde qued\u00f3 tendido y a merced de la fauna de la zona. Posteriormente el hombre fue reconocido por sus familiares y se les hizo entrega del cuerpo.<\/p>\n\n\n\n<p>Con esa evidencia pericial, la PGJE descart\u00f3 que el fallecimiento de la persona est\u00e9 relacionado con un hecho violento.<\/p>\n\n\n\n<p>De esta manera, la dependencia garantiz\u00f3 el trabajo t\u00e9cnico y cient\u00edfico que permiti\u00f3 el esclarecimiento de ese hecho y refrenda el compromiso de dar puntual seguimiento a cada una de las indagatorias.<\/p>\n","protected":false},"excerpt":{"rendered":"<p>* Los hechos ocurrieron la ma\u00f1ana del 31 de diciembre de 2021. La Procuradur\u00eda General de Justicia del Estado (PGJE) determin\u00f3 que el hombre hallado sin vida el pasado 31 de diciembre de 2021 en la comunidad capitalina de Tizatl\u00e1n, muri\u00f3 por causas naturales, por lo que descart\u00f3 que haya sido v\u00edctima de un homicidio [&hellip;]<\/p>\n","protected":false},"author":12,"featured_media":0,"comment_status":"closed","ping_status":"open","sticky":false,"template":"","format":"standard","meta":{"om_disable_all_campaigns":false,"_monsterinsights_skip_tracking":false,"_monsterinsights_sitenote_active":false,"_monsterinsights_sitenote_note":"","_monsterinsights_sitenote_category":0,"jnews-multi-image_gallery":[],"jnews_single_post":[],"jnews_primary_category":[],"footnotes":""},"categories":[],"tags":[],"class_list":["post-78750","post","type-post","status-publish","format-standard","hentry"],"aioseo_notices":[],"_links":{"self":[{"href":"https:\/\/estado29.mx\/index.php?rest_route=\/wp\/v2\/posts\/78750","targetHints":{"allow":["GET"]}}],"collection":[{"href":"https:\/\/estado29.mx\/index.php?rest_route=\/wp\/v2\/posts"}],"about":[{"href":"https:\/\/estado29.mx\/index.php?rest_route=\/wp\/v2\/types\/post"}],"author":[{"embeddable":true,"href":"https:\/\/estado29.mx\/index.php?rest_route=\/wp\/v2\/users\/12"}],"replies":[{"embeddable":true,"href":"https:\/\/estado29.mx\/index.php?rest_route=%2Fwp%2Fv2%2Fcomments&post=78750"}],"version-history":[{"count":1,"href":"https:\/\/estado29.mx\/index.php?rest_route=\/wp\/v2\/posts\/78750\/revisions"}],"predecessor-version":[{"id":78753,"href":"https:\/\/estado29.mx\/index.php?rest_route=\/wp\/v2\/posts\/78750\/revisions\/78753"}],"wp:attachment":[{"href":"https:\/\/estado29.mx\/index.php?rest_route=%2Fwp%2Fv2%2Fmedia&parent=78750"}],"wp:term":[{"taxonomy":"category","embeddable":true,"href":"https:\/\/estado29.mx\/index.php?rest_route=%2Fwp%2Fv2%2Fcategories&post=78750"},{"taxonomy":"post_tag","embeddable":true,"href":"https:\/\/estado29.mx\/index.php?rest_route=%2Fwp%2Fv2%2Ftags&post=78750"}],"curies":[{"name":"wp","href":"https:\/\/api.w.org\/{rel}","templated":true}]}}