{"id":78762,"date":"2022-01-05T07:29:19","date_gmt":"2022-01-05T13:29:19","guid":{"rendered":"https:\/\/estado29.mx\/?p=78762"},"modified":"2022-01-05T07:29:41","modified_gmt":"2022-01-05T13:29:41","slug":"recibira-uatx-congreso-latinoamericano-sobre-trata-y-trafico-de-personas","status":"publish","type":"post","link":"https:\/\/estado29.mx\/?p=78762","title":{"rendered":"Recibir\u00e1 UATx congreso latinoamericano sobre trata y tr\u00e1fico de personas"},"content":{"rendered":"\n<p>Por la construcci\u00f3n e impulso de una cultura hacia la igualdad de g\u00e9nero, el abatimiento de la violencia en general y de estrategias que conducen a la preservaci\u00f3n de los derechos humanos, la Universidad Aut\u00f3noma de Tlaxcala (UATx) fue dictaminada como\u00a0sede del \u201cVII Congreso Latinoamericano sobre Trata y Tr\u00e1fico de Personas\u201d, por el Consejo Consultivo del Observatorio Latinoamericano sobre Trata y Tr\u00e1fico de Personas (ObservaLAtrata), el cual se efectuar\u00e1 en el mes de julio de este a\u00f1o.<\/p>\n\n\n\n<p>Teniendo como referente el actuar de la m\u00e1xima Casa de Estudios de la entidad&nbsp;en el programa nacional de formaci\u00f3n e innovaci\u00f3n para atender a la primera infancia desde la universidad p\u00fablica, as\u00ed como el reciente reconocimiento de la&nbsp;UNICEF como organizaci\u00f3n colaborativa en contra de&nbsp;la explotaci\u00f3n y los abusos sexuales, es como este observatorio fija su atenci\u00f3n en la UATx.<\/p>\n\n\n\n<p>Con estas acciones, impulsadas por la presente administraci\u00f3n universitaria encabezada por el Dr. Luis Gonz\u00e1lez Placencia, se reafirman los compromisos y objetivos institucionales que tienen como meta asegurar que la estad\u00eda de los estudiantes y de toda la comunidad por los recintos del alma m\u00e1ter sea en el marco de una convivencia plena y respetuosa entre hombres y mujeres.<\/p>\n\n\n\n<p>Cabe destacar que, ObservaLAtrata, es un espacio independiente de articulaci\u00f3n de diversos actores que, desde un enfoque de derechos humanos, g\u00e9nero, movilidad humana, interculturalidad y acceso a la justicia, procura la producci\u00f3n colectiva de conocimientos para incidir en la prevenci\u00f3n, persecuci\u00f3n, erradicaci\u00f3n de la trata y tr\u00e1fico de personas en el continente y la protecci\u00f3n integral de sus v\u00edctimas.&nbsp;<\/p>\n\n\n\n<p>Asimismo, se organiza a trav\u00e9s de cap\u00edtulos o espacios nacionales para generar sinergias en las orientaciones generales y acciones de incidencia pol\u00edtica y social. En los Observatorios Nacionales participan universidades, cuerpos docentes, estudiantes, investigadores, organizaciones de la sociedad civil, redes locales y regionales de derechos humanos, de g\u00e9nero, ni\u00f1ez y adolescencia de car\u00e1cter \u00e9tnico. &nbsp;<\/p>\n\n\n\n<p>Este organismo tiene como finalidad contribuir a la producci\u00f3n de investigaciones, construcci\u00f3n de espacios de debate y di\u00e1logo, as\u00ed como aportar en la generaci\u00f3n de pol\u00edticas p\u00fablicas y formaci\u00f3n de m\u00faltiples actores en temas relacionados con la trata y tr\u00e1fico de personas en Latinoam\u00e9rica.<\/p>\n","protected":false},"excerpt":{"rendered":"<p>Por la construcci\u00f3n e impulso de una cultura hacia la igualdad de g\u00e9nero, el abatimiento de la violencia en general y de estrategias que conducen a la preservaci\u00f3n de los derechos humanos, la Universidad Aut\u00f3noma de Tlaxcala (UATx) fue dictaminada como\u00a0sede del \u201cVII Congreso Latinoamericano sobre Trata y Tr\u00e1fico de Personas\u201d, por el Consejo Consultivo [&hellip;]<\/p>\n","protected":false},"author":12,"featured_media":0,"comment_status":"closed","ping_status":"open","sticky":false,"template":"","format":"standard","meta":{"om_disable_all_campaigns":false,"_monsterinsights_skip_tracking":false,"_monsterinsights_sitenote_active":false,"_monsterinsights_sitenote_note":"","_monsterinsights_sitenote_category":0,"jnews-multi-image_gallery":[],"jnews_single_post":[],"jnews_primary_category":[],"footnotes":""},"categories":[],"tags":[],"class_list":["post-78762","post","type-post","status-publish","format-standard","hentry"],"aioseo_notices":[],"_links":{"self":[{"href":"https:\/\/estado29.mx\/index.php?rest_route=\/wp\/v2\/posts\/78762","targetHints":{"allow":["GET"]}}],"collection":[{"href":"https:\/\/estado29.mx\/index.php?rest_route=\/wp\/v2\/posts"}],"about":[{"href":"https:\/\/estado29.mx\/index.php?rest_route=\/wp\/v2\/types\/post"}],"author":[{"embeddable":true,"href":"https:\/\/estado29.mx\/index.php?rest_route=\/wp\/v2\/users\/12"}],"replies":[{"embeddable":true,"href":"https:\/\/estado29.mx\/index.php?rest_route=%2Fwp%2Fv2%2Fcomments&post=78762"}],"version-history":[{"count":1,"href":"https:\/\/estado29.mx\/index.php?rest_route=\/wp\/v2\/posts\/78762\/revisions"}],"predecessor-version":[{"id":78765,"href":"https:\/\/estado29.mx\/index.php?rest_route=\/wp\/v2\/posts\/78762\/revisions\/78765"}],"wp:attachment":[{"href":"https:\/\/estado29.mx\/index.php?rest_route=%2Fwp%2Fv2%2Fmedia&parent=78762"}],"wp:term":[{"taxonomy":"category","embeddable":true,"href":"https:\/\/estado29.mx\/index.php?rest_route=%2Fwp%2Fv2%2Fcategories&post=78762"},{"taxonomy":"post_tag","embeddable":true,"href":"https:\/\/estado29.mx\/index.php?rest_route=%2Fwp%2Fv2%2Ftags&post=78762"}],"curies":[{"name":"wp","href":"https:\/\/api.w.org\/{rel}","templated":true}]}}