{"id":78781,"date":"2022-01-05T07:45:26","date_gmt":"2022-01-05T07:45:26","guid":{"rendered":"https:\/\/estado29.mx\/?p=78781"},"modified":"2022-04-22T02:31:02","modified_gmt":"2022-04-22T02:31:02","slug":"de-manera-simbolica-secture-entrego-al-sedif-juguetes-donados-en-la-villa-navidena","status":"publish","type":"post","link":"https:\/\/estado29.mx\/?p=78781","title":{"rendered":"De manera simb\u00f3lica, SECTURE entreg\u00f3 al SEDIF juguetes donados en la villa navide\u00f1a"},"content":{"rendered":"\n<p><em>*Los 15 mil juguetes acumulados ser\u00e1n repartidos a ni\u00f1as y ni\u00f1os de grupos vulnerables \u00a0<\/em><\/p>\n\n\n\n<p>En un acto protocolario sin la presencia de p\u00fablico ni menores de edad, el Sistema Estatal para el Desarrollo Integral de la Familia (Sedif) recibi\u00f3 de manos de la secretaria de Turismo local, Josefina Rodr\u00edguez Zamora, un total de 15 mil juguetes donados en la Villa Navide\u00f1a instalada en el recinto ferial de Tlaxcala.<\/p>\n\n\n\n<p>Acompa\u00f1adas de los tres Reyes Magos, Melchor, Gaspar y Baltazar, as\u00ed como de Santa Claus, las autoridades realizaron la entrega simb\u00f3lica de los obsequios depositados por los visitantes en los contenedores que el Patronato de Feria instal\u00f3 en la pista de hielo y el tobog\u00e1n, como cuota de acceso a ambas atracciones.<\/p>\n\n\n\n<p>Rodr\u00edguez Zamora destac\u00f3 que \u201cla Villa Navide\u00f1a realizada por primera vez en la historia de Tlaxcala trajo diversi\u00f3n con causa, agradezco infinitamente a la sociedad tlaxcalteca, a los visitantes, porque desde el 5 de diciembre de 2021 hasta el 3 de enero de 2022 obtuvimos 15 mil juguetes, nuestra meta eran 10 mil y la rebasamos\u201d.<\/p>\n\n\n\n<p>Explic\u00f3 que, en el marco de la celebraci\u00f3n por el D\u00eda de Reyes, los regalos ser\u00e1n repartidos por personal del Sedif a ni\u00f1as y ni\u00f1os de la entidad que viven en condiciones vulnerables.<\/p>\n\n\n\n<p>A su vez, la directora general de la instituci\u00f3n, Laura Garc\u00eda S\u00e1nchez, en representaci\u00f3n de la presidenta honorifica, Mariana Espinosa de los Monteros Cu\u00e9llar, agradeci\u00f3 el apoyo de la Secretar\u00eda de Turismo del Estado (Secture) para hacer realidad los sue\u00f1os de cientos de ni\u00f1os que habitan en la entidad.<\/p>\n\n\n\n<p>\u201cHaremos muy felices a muchos ni\u00f1os con esta donaci\u00f3n que estamos recibiendo del Patronato (\u2026), esta bella causa de la Villa Navide\u00f1a permiti\u00f3 recibir los juguetes que habremos de entregar a nuestros peque\u00f1itos\u201d, dijo.<\/p>\n\n\n\n<p>La Secture y el Sedif trabajaron en alianza para atender la instrucci\u00f3n de la gobernadora Lorena Cu\u00e9llar Cisneros de generar bienestar entre la poblaci\u00f3n que m\u00e1s lo necesita, sobre todo en estas fechas simb\u00f3licas para las familias y la ni\u00f1ez tlaxcalteca.<\/p>\n","protected":false},"excerpt":{"rendered":"<p>*Los 15 mil juguetes acumulados ser\u00e1n repartidos a ni\u00f1as y ni\u00f1os de grupos vulnerables \u00a0 En un acto protocolario sin la presencia de p\u00fablico ni menores de edad, el Sistema Estatal para el Desarrollo Integral de la Familia (Sedif) recibi\u00f3 de manos de la secretaria de Turismo local, Josefina Rodr\u00edguez Zamora, un total de 15 [&hellip;]<\/p>\n","protected":false},"author":12,"featured_media":0,"comment_status":"closed","ping_status":"open","sticky":false,"template":"","format":"standard","meta":{"om_disable_all_campaigns":false,"_monsterinsights_skip_tracking":false,"_monsterinsights_sitenote_active":false,"_monsterinsights_sitenote_note":"","_monsterinsights_sitenote_category":0,"jnews-multi-image_gallery":[],"jnews_single_post":[],"jnews_primary_category":[],"footnotes":""},"categories":[43],"tags":[],"class_list":["post-78781","post","type-post","status-publish","format-standard","hentry","category-estado"],"aioseo_notices":[],"_links":{"self":[{"href":"https:\/\/estado29.mx\/index.php?rest_route=\/wp\/v2\/posts\/78781","targetHints":{"allow":["GET"]}}],"collection":[{"href":"https:\/\/estado29.mx\/index.php?rest_route=\/wp\/v2\/posts"}],"about":[{"href":"https:\/\/estado29.mx\/index.php?rest_route=\/wp\/v2\/types\/post"}],"author":[{"embeddable":true,"href":"https:\/\/estado29.mx\/index.php?rest_route=\/wp\/v2\/users\/12"}],"replies":[{"embeddable":true,"href":"https:\/\/estado29.mx\/index.php?rest_route=%2Fwp%2Fv2%2Fcomments&post=78781"}],"version-history":[{"count":1,"href":"https:\/\/estado29.mx\/index.php?rest_route=\/wp\/v2\/posts\/78781\/revisions"}],"predecessor-version":[{"id":78784,"href":"https:\/\/estado29.mx\/index.php?rest_route=\/wp\/v2\/posts\/78781\/revisions\/78784"}],"wp:attachment":[{"href":"https:\/\/estado29.mx\/index.php?rest_route=%2Fwp%2Fv2%2Fmedia&parent=78781"}],"wp:term":[{"taxonomy":"category","embeddable":true,"href":"https:\/\/estado29.mx\/index.php?rest_route=%2Fwp%2Fv2%2Fcategories&post=78781"},{"taxonomy":"post_tag","embeddable":true,"href":"https:\/\/estado29.mx\/index.php?rest_route=%2Fwp%2Fv2%2Ftags&post=78781"}],"curies":[{"name":"wp","href":"https:\/\/api.w.org\/{rel}","templated":true}]}}