{"id":78801,"date":"2022-01-06T07:40:54","date_gmt":"2022-01-06T07:40:54","guid":{"rendered":"https:\/\/estado29.mx\/?p=78801"},"modified":"2022-04-22T02:29:58","modified_gmt":"2022-04-22T02:29:58","slug":"policia-de-montana-auxilia-a-familia-extraviada-en-la-malinche","status":"publish","type":"post","link":"https:\/\/estado29.mx\/?p=78801","title":{"rendered":"Polic\u00eda de monta\u00f1a auxilia a familia extraviada en la malinche"},"content":{"rendered":"\n<p>La Polic\u00eda de Monta\u00f1a de la\u00a0Secretar\u00eda de Seguridad Ciudadana\u00a0(SSC) apoy\u00f3 a una familia a descender de\u00a0La Malinche\u00a0la noche de este martes. \u00a0<\/p>\n\n\n\n<p>A trav\u00e9s de una llamada al n\u00famero de emergencias 911, se inform\u00f3 que un grupo de personas ascendi\u00f3 a la monta\u00f1a hasta llegar a la cima y cuando empez\u00f3 el descenso perdieron el camino, pidiendo el apoyo para ubicarlos y auxiliarles en el descenso. &nbsp;<\/p>\n\n\n\n<p>De esta manera, personal de la&nbsp;Polic\u00eda de Monta\u00f1a&nbsp;inici\u00f3 el operativo de rescate y localizaci\u00f3n, y a la altura del paraje denominado &#8220;La vereda de las siete canoas&#8221; observaron a cuatro personas que mencionan que al descender de la cima perdieron el camino. &nbsp;<\/p>\n\n\n\n<p>Al entrevistarse con quienes se identificaron con Juan N., Danna N., Jorge N., y Paola N., de 43, 18 y dos menores de 17, respectivamente, todos originarios del estado de Guanajuato, indicaron ser las personas que solicitaron el apoyo v\u00eda 911. &nbsp;<\/p>\n\n\n\n<p>Despu\u00e9s de verificar que todos se encontraran bien de salud, se inici\u00f3 el descenso a trav\u00e9s del paraje&nbsp;Las Escaleras, para que posteriormente abordaran un veh\u00edculo para trasladarlos a las instalaciones del&nbsp;Centro Vacacional del Instituto Mexicano del Seguro Social&nbsp;(IMSS). &nbsp;<\/p>\n\n\n\n<p>Tras realizar una revisi\u00f3n minuciosa y confirmar que no presentaban lesiones, as\u00ed como brindarles l\u00edquidos, las personas abordaron su veh\u00edculo el cual se encontraba en el estacionamiento del Centro Vacacional para posteriormente retirarse.<\/p>\n","protected":false},"excerpt":{"rendered":"<p>La Polic\u00eda de Monta\u00f1a de la\u00a0Secretar\u00eda de Seguridad Ciudadana\u00a0(SSC) apoy\u00f3 a una familia a descender de\u00a0La Malinche\u00a0la noche de este martes. \u00a0 A trav\u00e9s de una llamada al n\u00famero de emergencias 911, se inform\u00f3 que un grupo de personas ascendi\u00f3 a la monta\u00f1a hasta llegar a la cima y cuando empez\u00f3 el descenso perdieron el [&hellip;]<\/p>\n","protected":false},"author":12,"featured_media":0,"comment_status":"closed","ping_status":"open","sticky":false,"template":"","format":"standard","meta":{"om_disable_all_campaigns":false,"_monsterinsights_skip_tracking":false,"_monsterinsights_sitenote_active":false,"_monsterinsights_sitenote_note":"","_monsterinsights_sitenote_category":0,"jnews-multi-image_gallery":[],"jnews_single_post":[],"jnews_primary_category":[],"footnotes":""},"categories":[44],"tags":[],"class_list":["post-78801","post","type-post","status-publish","format-standard","hentry","category-seguridad"],"aioseo_notices":[],"_links":{"self":[{"href":"https:\/\/estado29.mx\/index.php?rest_route=\/wp\/v2\/posts\/78801","targetHints":{"allow":["GET"]}}],"collection":[{"href":"https:\/\/estado29.mx\/index.php?rest_route=\/wp\/v2\/posts"}],"about":[{"href":"https:\/\/estado29.mx\/index.php?rest_route=\/wp\/v2\/types\/post"}],"author":[{"embeddable":true,"href":"https:\/\/estado29.mx\/index.php?rest_route=\/wp\/v2\/users\/12"}],"replies":[{"embeddable":true,"href":"https:\/\/estado29.mx\/index.php?rest_route=%2Fwp%2Fv2%2Fcomments&post=78801"}],"version-history":[{"count":1,"href":"https:\/\/estado29.mx\/index.php?rest_route=\/wp\/v2\/posts\/78801\/revisions"}],"predecessor-version":[{"id":78804,"href":"https:\/\/estado29.mx\/index.php?rest_route=\/wp\/v2\/posts\/78801\/revisions\/78804"}],"wp:attachment":[{"href":"https:\/\/estado29.mx\/index.php?rest_route=%2Fwp%2Fv2%2Fmedia&parent=78801"}],"wp:term":[{"taxonomy":"category","embeddable":true,"href":"https:\/\/estado29.mx\/index.php?rest_route=%2Fwp%2Fv2%2Fcategories&post=78801"},{"taxonomy":"post_tag","embeddable":true,"href":"https:\/\/estado29.mx\/index.php?rest_route=%2Fwp%2Fv2%2Ftags&post=78801"}],"curies":[{"name":"wp","href":"https:\/\/api.w.org\/{rel}","templated":true}]}}