{"id":78863,"date":"2022-01-11T07:24:25","date_gmt":"2022-01-11T13:24:25","guid":{"rendered":"https:\/\/estado29.mx\/?p=78863"},"modified":"2022-01-11T07:24:43","modified_gmt":"2022-01-11T13:24:43","slug":"gobernadora-lorena-cuellar-continua-estable-de-salud-y-atiende-a-distancia-acciones-de-gobierno","status":"publish","type":"post","link":"https:\/\/estado29.mx\/?p=78863","title":{"rendered":"Gobernadora Lorena Cu\u00e9llar contin\u00faa estable de salud y atiende a distancia acciones de gobierno"},"content":{"rendered":"\n<p><em>* Llama a la poblaci\u00f3n a no bajar la guardia y acatar las medidas sanitarias para frenar los contagios<\/em><\/p>\n\n\n\n<p>La gobernadora de Tlaxcala, Lorena Cu\u00e9llar Cisneros contin\u00faa con su recuperaci\u00f3n tras contagiarse de Covid-19, lo que no ha sido impedimento para llevar a cabo sus actividades de trabajo de forma remota.<\/p>\n\n\n\n<p>A una semana de aislamiento, la mandataria envi\u00f3 un mensaje a la ciudadan\u00eda tlaxcalteca por medio de sus redes sociales para informar que su salud ha mejorado satisfactoriamente, sin embargo, no existen las condiciones para reincorporarse de manera presencial.<\/p>\n\n\n\n<p>\u201cMe siento muy bien de salud, he estado bastante bien, lo que me impide regresar a trabajar de manera presencial es que mi prueba sali\u00f3 positiva todav\u00eda, me la hice el domingo pensando que ya el d\u00eda lunes pod\u00eda presentarme a trabajar normalmente, pero tendr\u00e9 que hacerme otra prueba el martes o mi\u00e9rcoles para ver si ya sale negativa y poderme presentar\u201d, coment\u00f3.<\/p>\n\n\n\n<p>La titular del Ejecutivo local agradeci\u00f3 la comprensi\u00f3n de la ciudadan\u00eda tlaxcalteca y sus muestras de apoyo.<\/p>\n\n\n\n<p>Asimismo, confi\u00f3 en que a la brevedad retomar\u00e1 sus actividades, por lo que pidi\u00f3 a la poblaci\u00f3n mantener las medidas de prevenci\u00f3n y as\u00ed evitar la propagaci\u00f3n del virus.&nbsp;<\/p>\n\n\n\n<p>\u201cMe siento sumamente bien, muchas gracias por las muestras de aprecio, de tantos mensajitos que he recibido y muestras de cari\u00f1o, les agradezco much\u00edsimo, he estado trabajando v\u00eda Zoom con todos mis compa\u00f1eros, haciendo acuerdos a trav\u00e9s de esa v\u00eda, trabajando desde casa, muy contenta de saludarles y nos vemos muy pronto\u201d, remat\u00f3 en el mensaje.<\/p>\n","protected":false},"excerpt":{"rendered":"<p>* Llama a la poblaci\u00f3n a no bajar la guardia y acatar las medidas sanitarias para frenar los contagios La gobernadora de Tlaxcala, Lorena Cu\u00e9llar Cisneros contin\u00faa con su recuperaci\u00f3n tras contagiarse de Covid-19, lo que no ha sido impedimento para llevar a cabo sus actividades de trabajo de forma remota. A una semana de [&hellip;]<\/p>\n","protected":false},"author":12,"featured_media":0,"comment_status":"closed","ping_status":"open","sticky":false,"template":"","format":"standard","meta":{"om_disable_all_campaigns":false,"_monsterinsights_skip_tracking":false,"_monsterinsights_sitenote_active":false,"_monsterinsights_sitenote_note":"","_monsterinsights_sitenote_category":0,"jnews-multi-image_gallery":[],"jnews_single_post":[],"jnews_primary_category":[],"footnotes":""},"categories":[],"tags":[],"class_list":["post-78863","post","type-post","status-publish","format-standard","hentry"],"aioseo_notices":[],"_links":{"self":[{"href":"https:\/\/estado29.mx\/index.php?rest_route=\/wp\/v2\/posts\/78863","targetHints":{"allow":["GET"]}}],"collection":[{"href":"https:\/\/estado29.mx\/index.php?rest_route=\/wp\/v2\/posts"}],"about":[{"href":"https:\/\/estado29.mx\/index.php?rest_route=\/wp\/v2\/types\/post"}],"author":[{"embeddable":true,"href":"https:\/\/estado29.mx\/index.php?rest_route=\/wp\/v2\/users\/12"}],"replies":[{"embeddable":true,"href":"https:\/\/estado29.mx\/index.php?rest_route=%2Fwp%2Fv2%2Fcomments&post=78863"}],"version-history":[{"count":1,"href":"https:\/\/estado29.mx\/index.php?rest_route=\/wp\/v2\/posts\/78863\/revisions"}],"predecessor-version":[{"id":78866,"href":"https:\/\/estado29.mx\/index.php?rest_route=\/wp\/v2\/posts\/78863\/revisions\/78866"}],"wp:attachment":[{"href":"https:\/\/estado29.mx\/index.php?rest_route=%2Fwp%2Fv2%2Fmedia&parent=78863"}],"wp:term":[{"taxonomy":"category","embeddable":true,"href":"https:\/\/estado29.mx\/index.php?rest_route=%2Fwp%2Fv2%2Fcategories&post=78863"},{"taxonomy":"post_tag","embeddable":true,"href":"https:\/\/estado29.mx\/index.php?rest_route=%2Fwp%2Fv2%2Ftags&post=78863"}],"curies":[{"name":"wp","href":"https:\/\/api.w.org\/{rel}","templated":true}]}}