{"id":78873,"date":"2022-01-11T07:39:34","date_gmt":"2022-01-11T07:39:34","guid":{"rendered":"https:\/\/estado29.mx\/?p=78873"},"modified":"2022-04-22T02:18:56","modified_gmt":"2022-04-22T02:18:56","slug":"firmo-sedif-convenio-con-la-uptx-para-el-desarrollo-de-programas-y-proyectos","status":"publish","type":"post","link":"https:\/\/estado29.mx\/?p=78873","title":{"rendered":"Firm\u00f3 SEDIF convenio con la UPTX para el desarrollo de programas y proyectos"},"content":{"rendered":"\n<p><em>*El objetivo es fortalecer la formaci\u00f3n y actualizaci\u00f3n acad\u00e9mica y laboral<\/em><\/p>\n\n\n\n<p>El Sistema Estatal para el Desarrollo Integral de la Familia (Sedif) firm\u00f3 un convenio de colaboraci\u00f3n con la Universidad Polit\u00e9cnica de Tlaxcala (UPTx), con el prop\u00f3sito de dise\u00f1ar y desarrollar proyectos y programas de innovaci\u00f3n e investigaci\u00f3n, as\u00ed como fortalecer la formaci\u00f3n y actualizaci\u00f3n acad\u00e9mica y laboral entre ambas partes.<\/p>\n\n\n\n<p>El acto protocolario fue encabezado por la directora general del Sedif, Laura Garc\u00eda S\u00e1nchez, en representaci\u00f3n de la presidenta honor\u00edfica, Mariana Espinosa de los Monteros Cu\u00e9llar, as\u00ed como del rector de la UPTx, Enrique Padilla S\u00e1nchez y el director de Vinculaci\u00f3n de la universidad, Yair Castillo.<\/p>\n\n\n\n<p>La directora general del Sedif, Laura Garc\u00eda destac\u00f3 el compromiso que existe con proyectos que atienden de manera responsable y eficiente a las personas m\u00e1s vulnerables de Tlaxcala, por ello el convenio que se firm\u00f3 este d\u00eda \u201cmaterializar\u00e1 nuestras acciones con un profundo sentido social, ampliar\u00e1 nuestros horizontes del bienestar ciudadano y contribuir\u00e1 a fortalecer nuestras acciones y capacidades institucionales para atender a los m\u00e1s necesitados\u201d.<\/p>\n\n\n\n<p>Reconoci\u00f3 que son los j\u00f3venes, que d\u00eda a d\u00eda se preparan en las universidades, el futuro de Tlaxcala y del pa\u00eds, mismos que deben ser encaminados hacia una cultura del compromiso social. En este sentido, la cooperaci\u00f3n solidaria emerge como una de las estrategias m\u00e1s eficaces para enfrentar los desaf\u00edos del entorno social.<\/p>\n\n\n\n<p>En su oportunidad, el rector de la UPTx, Enrique Padilla mencion\u00f3 que el convenio est\u00e1 creado y organizado por la gobernadora Lorena Cu\u00e9llar Cisneros, ante la preocupaci\u00f3n sobre las mujeres y los hombres que tienen a su cargo la educaci\u00f3n y el trabajo social, ya que en este proceso que se vive derivado de la pandemia por Covid-19 existe la necesidad de fortalecernos y trabajar en conjunto.<\/p>\n\n\n\n<p>\u201cLa Universidad Polit\u00e9cnica de Tlaxcala es una instituci\u00f3n de ciencia y tecnolog\u00eda, y lo que nos importa hoy es utilizarlas por el bien de las y los tlaxcaltecas, estamos congratulados para trabajar en conjunto\u201d, agreg\u00f3.<\/p>\n\n\n\n<p>Con la firma del convenio, ambas instituciones podr\u00e1n celebrar convenios espec\u00edficos de car\u00e1cter acad\u00e9mico para pr\u00e1cticas profesionales, servicio social y oferta educativa para posgrados; se apoyar\u00e1 los programas Escuela para Padres, y de Atenci\u00f3n Socioemocional para Ni\u00f1as, Ni\u00f1os y Adolescentes Afectados por la Pandemia de Covid-19; y dise\u00f1ar\u00e1n y organizar\u00e1n cursos, conferencias, simposios, diplomados, programas de formaci\u00f3n y actualizaci\u00f3n que sean de inter\u00e9s y aporten un beneficio acad\u00e9mico a ambas partes.<\/p>\n","protected":false},"excerpt":{"rendered":"<p>*El objetivo es fortalecer la formaci\u00f3n y actualizaci\u00f3n acad\u00e9mica y laboral El Sistema Estatal para el Desarrollo Integral de la Familia (Sedif) firm\u00f3 un convenio de colaboraci\u00f3n con la Universidad Polit\u00e9cnica de Tlaxcala (UPTx), con el prop\u00f3sito de dise\u00f1ar y desarrollar proyectos y programas de innovaci\u00f3n e investigaci\u00f3n, as\u00ed como fortalecer la formaci\u00f3n y actualizaci\u00f3n [&hellip;]<\/p>\n","protected":false},"author":3,"featured_media":0,"comment_status":"closed","ping_status":"open","sticky":false,"template":"","format":"standard","meta":{"om_disable_all_campaigns":false,"_monsterinsights_skip_tracking":false,"_monsterinsights_sitenote_active":false,"_monsterinsights_sitenote_note":"","_monsterinsights_sitenote_category":0,"jnews-multi-image_gallery":[],"jnews_single_post":[],"jnews_primary_category":[],"footnotes":""},"categories":[80,43],"tags":[],"class_list":["post-78873","post","type-post","status-publish","format-standard","hentry","category-educacion","category-estado"],"aioseo_notices":[],"_links":{"self":[{"href":"https:\/\/estado29.mx\/index.php?rest_route=\/wp\/v2\/posts\/78873","targetHints":{"allow":["GET"]}}],"collection":[{"href":"https:\/\/estado29.mx\/index.php?rest_route=\/wp\/v2\/posts"}],"about":[{"href":"https:\/\/estado29.mx\/index.php?rest_route=\/wp\/v2\/types\/post"}],"author":[{"embeddable":true,"href":"https:\/\/estado29.mx\/index.php?rest_route=\/wp\/v2\/users\/3"}],"replies":[{"embeddable":true,"href":"https:\/\/estado29.mx\/index.php?rest_route=%2Fwp%2Fv2%2Fcomments&post=78873"}],"version-history":[{"count":1,"href":"https:\/\/estado29.mx\/index.php?rest_route=\/wp\/v2\/posts\/78873\/revisions"}],"predecessor-version":[{"id":78876,"href":"https:\/\/estado29.mx\/index.php?rest_route=\/wp\/v2\/posts\/78873\/revisions\/78876"}],"wp:attachment":[{"href":"https:\/\/estado29.mx\/index.php?rest_route=%2Fwp%2Fv2%2Fmedia&parent=78873"}],"wp:term":[{"taxonomy":"category","embeddable":true,"href":"https:\/\/estado29.mx\/index.php?rest_route=%2Fwp%2Fv2%2Fcategories&post=78873"},{"taxonomy":"post_tag","embeddable":true,"href":"https:\/\/estado29.mx\/index.php?rest_route=%2Fwp%2Fv2%2Ftags&post=78873"}],"curies":[{"name":"wp","href":"https:\/\/api.w.org\/{rel}","templated":true}]}}