{"id":78885,"date":"2022-01-11T07:49:17","date_gmt":"2022-01-11T07:49:17","guid":{"rendered":"https:\/\/estado29.mx\/?p=78885"},"modified":"2022-04-22T02:15:49","modified_gmt":"2022-04-22T02:15:49","slug":"suspendera-sepe-clases-el-12-y-13-de-enero-para-que-docentes-reciban-vacuna-contra-covid-19","status":"publish","type":"post","link":"https:\/\/estado29.mx\/?p=78885","title":{"rendered":"Suspender\u00e1 SEPE clases el 12 y 13 de enero para que docentes reciban vacuna contra Covid-19"},"content":{"rendered":"\n<p>Ser\u00e1n inoculados unos 35 mil trabajadores de la educaci\u00f3n en TlaxcalaLos d\u00edas 12 y 13 de enero ser\u00e1n suspendidas las clases en las m\u00e1s de mil 300 instituciones de los 60 municipios del estado, para que unos 35 mil docentes puedan recibir su refuerzo de la vacuna contra Covid-19 en las ocho sedes asignadas.<\/p>\n\n\n\n<p>El titular de la Secretar\u00eda de Educaci\u00f3n P\u00fablica del Estado, Homero Meneses Hern\u00e1ndez, inform\u00f3 que la dosis de refuerzo para los trabajadores de la educaci\u00f3n es de la farmac\u00e9utica MODERNA, esto de acuerdo con el calendario difundido por la Secretar\u00eda de Bienestar en la entidad para esta semana.<\/p>\n\n\n\n<p>Homero Meneses se\u00f1al\u00f3 que los trabajadores deben ingresar a la p\u00e1gina <a rel=\"noreferrer noopener\" href=\"https:\/\/l.facebook.com\/l.php?u=https%3A%2F%2Fsitios.septlaxcala.gob.mx%2FmiVacuna%2F%3Ffbclid%3DIwAR033rZ8umg9-ay6UhQXTpCn6Q_vlh9VX61vQchMTEG570tsttJaNzZW3E4&amp;h=AT2r6curgA7eBMp4VhRUGCSaGNeyJzF9OUf9yLgH0wfycL_Ov-vzwcVfyIwbvq46-mei3B97ChTt5Csw4Uj_tnggcFy8JHqrZEvVa1SM4mONc8LmIruyk7hqF5c_BdrQdOmTP99J-fNp0m-T5A&amp;__tn__=-UK-R&amp;c[0]=AT38OKdojm7lwkQ0gB-r7M-ujKSHqbQUQWSSYsNXMgROYVIlwHdFbE44SNBaOxjMhqSUg_2TJwl0E6O00vSB3ZhOU_P1mqF-9V6knwrxFrW2IT26mGsVxDIcnS-EEdaAheJNvFbVLua-BsAIXujibYP6cLROddpQyEFJQSGHk-LxuOHR5MH8nMtsMWdpZevgItjBzg\" target=\"_blank\">https:\/\/sitios.septlaxcala.gob.mx\/miVacuna\/<\/a> en el que deben llenar un formato para registrarse y recibir la vacuna. <\/p>\n\n\n\n<p>Las sedes tendr\u00e1n un horario de 8:00 a 16:00 horasInsisti\u00f3 en que los trabajadores de la educaci\u00f3n no tendr\u00e1n actividades para que acudan a la vacuna y tener un periodo de reposo despu\u00e9s de que le hayan aplicado el biol\u00f3gico. <\/p>\n\n\n\n<p>Referir que la informaci\u00f3n de la Secretar\u00eda del Bienestar, se\u00f1ala que son ocho las sedes ubicadas a lo largo de la entidad para inocular a los m\u00e1s de 35 mil trabajadores de la educaci\u00f3n de escuelas p\u00fablicas y privadas de todos los niveles educativos.Recordar que este mi\u00e9rcoles la vacunaci\u00f3n para docentes ser\u00e1 en la Unidad Deportiva \u201cMiguel Arroyo Rosales\u201d de Huamantla, para los docentes que laboran en ese municipio, adem\u00e1s de Tocatl\u00e1n, San Jos\u00e9 Teacalco, Zitlalt\u00e9pec, Ixtenco, Altzayanca, Cuapiaxtla, Terrenate, Emiliano Zapata y L\u00e1zaro C\u00e1rdenas. En el Instituto Tecnol\u00f3gico de Apizaco (ITA), para vacunar a personal educativo adscritos a planteles de Apizaco, Tlaxco, Xaloztoc, Tzompantepec, Xaltocan, Tecopilco, Yauhquemehcan, Coaxomulco, Mu\u00f1oz de Domingo Arenas, Nanacamilpa, Tetla y Atlangatepec. En el Colegio de Estudios Cient\u00edficos y Tecnol\u00f3gicos del Estado (Cecyte) plantel 08 de Apetatitl\u00e1n, donde se aplicar\u00e1n refuerzos a docentes de esa Comuna y de Santa Cruz Tlaxcala y Amaxac de Guerrero. <\/p>\n\n\n\n<p>En el Colegio Nacional de Educaci\u00f3n Profesional T\u00e9cnica (Conalep) plantel Zacualpan, donde deber\u00e1 acudir personal educativo de los municipios de Zacualpan, Huactzinco, Nopalucan, Ayometla, Quilehtla, Acuamanala, Axocomanitla y Texoloc. En la Universidad Polit\u00e9cnica de Tlaxcala Regi\u00f3n Poniente (UPTREP) donde se vacunar\u00e1 a docentes de Hueyotlipan, Sanct\u00f3rum, Benito Ju\u00e1rez, Espa\u00f1ita y Calpulalpan. Mientras que los d\u00edas 12 y 13 se habilitar\u00e1n m\u00f3dulos de vacunaci\u00f3n en la secundaria t\u00e9cnica n\u00famero 4 de Chiautempan para aplicar el refuerzo de la vacuna contra el Covid-19 a trabajadores de la educaci\u00f3n de los municipios de Chiautempan, Contla, Tetlanohcan, Tlaltelulco, Teolocholco, Ixtacuixtla, Nat\u00edvitas, Santa Apolonia Teacalco, Tetlatlahuca y Tepetitla. As\u00ed tambi\u00e9n en la Universidad Polit\u00e9cnica de Tlaxcala (UPTlax) para atender al personal educativo de Zacatelco, Tepeyanco, San Pablo del Monte, Papalotla, Xicohtzinco, Tenancingo y Mazatecochco. Adem\u00e1s, en el Centro Cultural (CCU) de la Universidad Aut\u00f3noma de Tlaxcala (UATx), donde se vacunar\u00e1 a personal de Tlaxcala capital, Totolac, Xiloxoxtla y Panotla.<\/p>\n","protected":false},"excerpt":{"rendered":"<p>Ser\u00e1n inoculados unos 35 mil trabajadores de la educaci\u00f3n en TlaxcalaLos d\u00edas 12 y 13 de enero ser\u00e1n suspendidas las clases en las m\u00e1s de mil 300 instituciones de los 60 municipios del estado, para que unos 35 mil docentes puedan recibir su refuerzo de la vacuna contra Covid-19 en las ocho sedes asignadas. El [&hellip;]<\/p>\n","protected":false},"author":3,"featured_media":0,"comment_status":"closed","ping_status":"open","sticky":false,"template":"","format":"standard","meta":{"om_disable_all_campaigns":false,"_monsterinsights_skip_tracking":false,"_monsterinsights_sitenote_active":false,"_monsterinsights_sitenote_note":"","_monsterinsights_sitenote_category":0,"jnews-multi-image_gallery":[],"jnews_single_post":{"subtitle":"","format":"standard","video":"","gallery":"","source_name":"","source_url":"","via_name":"","via_url":"","override_template":"0","override":[{"template":"1","single_blog_custom":"","parallax":"1","fullscreen":"1","layout":"right-sidebar","sidebar":"default-sidebar","second_sidebar":"default-sidebar","sticky_sidebar":"1","share_position":"top","share_float_style":"share-monocrhome","show_share_counter":"1","show_view_counter":"1","show_featured":"1","show_post_meta":"1","show_post_author":"1","show_post_author_image":"1","show_post_date":"1","post_date_format":"default","post_date_format_custom":"Y\/m\/d","show_post_category":"1","show_post_reading_time":"0","post_reading_time_wpm":"300","show_zoom_button":"0","zoom_button_out_step":"2","zoom_button_in_step":"3","show_post_tag":"1","show_prev_next_post":"1","show_popup_post":"1","number_popup_post":"1","show_author_box":"1","show_post_related":"0","show_inline_post_related":"0"}],"override_image_size":"0","image_override":[{"single_post_thumbnail_size":"crop-500","single_post_gallery_size":"crop-500"}],"trending_post":"0","trending_post_position":"meta","trending_post_label":"Trending","sponsored_post":"0","sponsored_post_label":"Sponsored by","sponsored_post_name":"","sponsored_post_url":"","sponsored_post_logo_enable":"0","sponsored_post_logo":"","sponsored_post_desc":"","disable_ad":"0"},"jnews_primary_category":{"id":""},"footnotes":""},"categories":[80,43],"tags":[],"class_list":["post-78885","post","type-post","status-publish","format-standard","hentry","category-educacion","category-estado"],"aioseo_notices":[],"_links":{"self":[{"href":"https:\/\/estado29.mx\/index.php?rest_route=\/wp\/v2\/posts\/78885","targetHints":{"allow":["GET"]}}],"collection":[{"href":"https:\/\/estado29.mx\/index.php?rest_route=\/wp\/v2\/posts"}],"about":[{"href":"https:\/\/estado29.mx\/index.php?rest_route=\/wp\/v2\/types\/post"}],"author":[{"embeddable":true,"href":"https:\/\/estado29.mx\/index.php?rest_route=\/wp\/v2\/users\/3"}],"replies":[{"embeddable":true,"href":"https:\/\/estado29.mx\/index.php?rest_route=%2Fwp%2Fv2%2Fcomments&post=78885"}],"version-history":[{"count":1,"href":"https:\/\/estado29.mx\/index.php?rest_route=\/wp\/v2\/posts\/78885\/revisions"}],"predecessor-version":[{"id":78888,"href":"https:\/\/estado29.mx\/index.php?rest_route=\/wp\/v2\/posts\/78885\/revisions\/78888"}],"wp:attachment":[{"href":"https:\/\/estado29.mx\/index.php?rest_route=%2Fwp%2Fv2%2Fmedia&parent=78885"}],"wp:term":[{"taxonomy":"category","embeddable":true,"href":"https:\/\/estado29.mx\/index.php?rest_route=%2Fwp%2Fv2%2Fcategories&post=78885"},{"taxonomy":"post_tag","embeddable":true,"href":"https:\/\/estado29.mx\/index.php?rest_route=%2Fwp%2Fv2%2Ftags&post=78885"}],"curies":[{"name":"wp","href":"https:\/\/api.w.org\/{rel}","templated":true}]}}