{"id":78902,"date":"2022-01-12T07:33:05","date_gmt":"2022-01-12T07:33:05","guid":{"rendered":"https:\/\/estado29.mx\/?p=78902"},"modified":"2022-04-22T02:09:32","modified_gmt":"2022-04-22T02:09:32","slug":"policia-de-montana-auxilia-a-dos-personas-extraviadas-2","status":"publish","type":"post","link":"https:\/\/estado29.mx\/?p=78902","title":{"rendered":"Polic\u00eda de monta\u00f1a auxilia a dos personas extraviadas"},"content":{"rendered":"\n<p>Las personas se desorientaron en su descenso por el Parque Nacional Malinche. \u00a0<\/p>\n\n\n\n<p>La Secretar\u00eda de Seguridad Ciudadana (SSC), a trav\u00e9s de los Elementos de Monta\u00f1a, brind\u00f3 apoyo a dos visitantes del Parque Nacional Malinche, quienes se desorientaron en el trayecto por sus parajes.&nbsp;&nbsp;&nbsp;<\/p>\n\n\n\n<p>Elementos de la Polic\u00eda de Monta\u00f1a que realizaban recorridos de seguridad y vigilancia en las inmediaciones del Parque Nacional Malinche, recibieron el reporte de dos personas que se extraviaron durante su descenso, por lo que; de forma inmediata implementaron un operativo para su b\u00fasqueda y rescate. &nbsp;<\/p>\n\n\n\n<p>Tras cubrir el camino ascendente y diferentes puntos, las personas fueron localizadas a la altura del paraje conocido como \u201cSiete Canoas\u201d, procediendo a brindar las atenciones pertinentes para valorar su estado de salud.&nbsp;&nbsp;&nbsp;<\/p>\n\n\n\n<p>Finalmente, al confirmar que las personas originarias del municipio de Tetla de la Solidaridad se encontraran bien, los elementos de monta\u00f1a las canalizaron a un lugar seguro a bordo de un veh\u00edculo oficial. &nbsp;<\/p>\n\n\n\n<p>La SSC mantiene estrecha vigilancia a trav\u00e9s de la Polic\u00eda de Monta\u00f1a, en el Parque Nacional Malinche, con la finalidad de brindar la ayuda necesaria a los visitantes ante cualquier situaci\u00f3n de emergencia.&nbsp;<\/p>\n","protected":false},"excerpt":{"rendered":"<p>Las personas se desorientaron en su descenso por el Parque Nacional Malinche. \u00a0 La Secretar\u00eda de Seguridad Ciudadana (SSC), a trav\u00e9s de los Elementos de Monta\u00f1a, brind\u00f3 apoyo a dos visitantes del Parque Nacional Malinche, quienes se desorientaron en el trayecto por sus parajes.&nbsp;&nbsp;&nbsp; Elementos de la Polic\u00eda de Monta\u00f1a que realizaban recorridos de seguridad [&hellip;]<\/p>\n","protected":false},"author":3,"featured_media":0,"comment_status":"closed","ping_status":"open","sticky":false,"template":"","format":"standard","meta":{"om_disable_all_campaigns":false,"_monsterinsights_skip_tracking":false,"_monsterinsights_sitenote_active":false,"_monsterinsights_sitenote_note":"","_monsterinsights_sitenote_category":0,"jnews-multi-image_gallery":[],"jnews_single_post":[],"jnews_primary_category":[],"footnotes":""},"categories":[43,44],"tags":[],"class_list":["post-78902","post","type-post","status-publish","format-standard","hentry","category-estado","category-seguridad"],"aioseo_notices":[],"_links":{"self":[{"href":"https:\/\/estado29.mx\/index.php?rest_route=\/wp\/v2\/posts\/78902","targetHints":{"allow":["GET"]}}],"collection":[{"href":"https:\/\/estado29.mx\/index.php?rest_route=\/wp\/v2\/posts"}],"about":[{"href":"https:\/\/estado29.mx\/index.php?rest_route=\/wp\/v2\/types\/post"}],"author":[{"embeddable":true,"href":"https:\/\/estado29.mx\/index.php?rest_route=\/wp\/v2\/users\/3"}],"replies":[{"embeddable":true,"href":"https:\/\/estado29.mx\/index.php?rest_route=%2Fwp%2Fv2%2Fcomments&post=78902"}],"version-history":[{"count":1,"href":"https:\/\/estado29.mx\/index.php?rest_route=\/wp\/v2\/posts\/78902\/revisions"}],"predecessor-version":[{"id":78905,"href":"https:\/\/estado29.mx\/index.php?rest_route=\/wp\/v2\/posts\/78902\/revisions\/78905"}],"wp:attachment":[{"href":"https:\/\/estado29.mx\/index.php?rest_route=%2Fwp%2Fv2%2Fmedia&parent=78902"}],"wp:term":[{"taxonomy":"category","embeddable":true,"href":"https:\/\/estado29.mx\/index.php?rest_route=%2Fwp%2Fv2%2Fcategories&post=78902"},{"taxonomy":"post_tag","embeddable":true,"href":"https:\/\/estado29.mx\/index.php?rest_route=%2Fwp%2Fv2%2Ftags&post=78902"}],"curies":[{"name":"wp","href":"https:\/\/api.w.org\/{rel}","templated":true}]}}