{"id":78921,"date":"2022-01-13T07:21:34","date_gmt":"2022-01-13T07:21:34","guid":{"rendered":"https:\/\/estado29.mx\/?p=78921"},"modified":"2022-04-22T02:00:54","modified_gmt":"2022-04-22T02:00:54","slug":"inicia-aplicacion-de-vacuna-de-refuerzo-contra-covid-19-a-trabajadores-de-la-educacion","status":"publish","type":"post","link":"https:\/\/estado29.mx\/?p=78921","title":{"rendered":"Inicia aplicaci\u00f3n de vacuna de refuerzo contra covid-19 a trabajadores de la educaci\u00f3n"},"content":{"rendered":"\n<p><\/p>\n\n\n\n<p><em>*SESA, SEPE y Brigada Correcaminos de Bienestar realizan la jornada de vacunaci\u00f3n con el biol\u00f3gico Moderna hasta el 13 de enero<\/em><\/p>\n\n\n\n<p>Las secretar\u00edas de Salud (SESA) y de Educaci\u00f3n P\u00fablica del Estado (SEPE) de Tlaxcala, en coordinaci\u00f3n con las Brigadas Correcaminos de la delegaci\u00f3n de la Secretar\u00eda de Bienestar, iniciaron sin contratiempo y con alta participaci\u00f3n de docentes la jornada de vacunaci\u00f3n de refuerzo a m\u00e1s de 35 mil trabajadores de la educaci\u00f3n de la entidad con el biol\u00f3gico Moderna.<\/p>\n\n\n\n<p>El secretario de Educaci\u00f3n P\u00fablica del estado, Homero Meneses Hern\u00e1ndez inform\u00f3 que sin contratiempos inici\u00f3 este mi\u00e9rcoles 12 de enero la aplicaci\u00f3n del refuerzo de la vacuna contra Covid-19 a maestros y personal de apoyo y asistencia a la educaci\u00f3n de escuelas p\u00fablicas y privadas.<\/p>\n\n\n\n<p>Acompa\u00f1ado de la directora de Recursos Materiales y Servicios de la SEP federal, Dafne Rubio Gonz\u00e1lez, explic\u00f3 que se habilitaron ocho sedes para la aplicaci\u00f3n de la vacuna los d\u00edas 12 y 13 de enero a los m\u00e1s de 35 mil trabajadores de la educaci\u00f3n.<\/p>\n\n\n\n<p>Refiri\u00f3 que la presencia de la autoridad federal obedece a una instrucci\u00f3n del presidente Andr\u00e9s Manuel L\u00f3pez Obrador, para verificar que el proceso de inoculaci\u00f3n al sector educativo se lleve a cabo en tiempo y forma, como se acord\u00f3 con la gobernadora Lorena Cu\u00e9llar Cisneros.<\/p>\n\n\n\n<p>La aplicaci\u00f3n consiste en cuatro momentos: identificar que sean trabajadores de la educaci\u00f3n, registro por parte de las Brigadas Correcaminos y Servidores de la Naci\u00f3n, pasar a los m\u00f3dulos de vacunaci\u00f3n y posteriormente un periodo de reposo y observaci\u00f3n; si presentan alg\u00fan malestar, se atiende de manera inmediata a trav\u00e9s del personal de salud que hay en cada lugar.<\/p>\n\n\n\n<p>Las sedes tendr\u00e1n un horario de 8:00 a 16:00 horas y estar\u00e1n distribuidas de la siguiente manera: en el Centro Cultural Universitario de la Universidad Aut\u00f3noma<\/p>\n\n\n\n<p>de Tlaxcala (UAT), Universidad Polit\u00e9cnica de Tlaxcala (UPT), Colegio Nacional de Educaci\u00f3n Profesional T\u00e9cnica (Conalep) plantel Zacualpan, Escuela Primaria Centro Escolar de Chiautempan, Internado Jos\u00e9 Amarillas de Apetatitl\u00e1n, Instituto Tecnol\u00f3gico de Apizaco (ITA), Universidad Polit\u00e9cnica de Tlaxcala Regi\u00f3n Poniente y la Unidad Deportiva Miguel Arroyo del municipio de Huamantla.<\/p>\n\n\n\n<p>Meneses Hern\u00e1ndez hizo un llamado a la comunidad educativa que por alguna situaci\u00f3n no realiz\u00f3 su registro, hacerlo a trav\u00e9s de la p\u00e1gina https:\/\/sitios.septlaxcala.gob.mx\/miVacuna\/, para que puedan acudir lo antes posible a la aplicaci\u00f3n su vacuna.<\/p>\n\n\n\n<p>Es importante mencionar que, en esta jornada de vacunaci\u00f3n, los directores y jefes de \u00e1rea de la SEPE-USET, est\u00e1n encargados de la coordinaci\u00f3n de las ocho sedes para atender cualquier duda en este proceso.<\/p>\n\n\n\n<p>Por su parte, el secretario de Salud, Rigoberto Zamudio Meneses indic\u00f3 que, en total por los dos d\u00edas, se tiene programado aplicar m\u00e1s de 35 mil vacunas del biol\u00f3gico Moderna a igual n\u00famero de trabajadores de la educaci\u00f3n de la entidad tlaxcalteca de instituciones p\u00fablicas y privadas.<\/p>\n\n\n\n<p>La vacuna de Moderna tiene efectividad del 94.1 por ciento en la prevenci\u00f3n de casos de Covid-19 y ante la variante \u00f3micron del virus.<\/p>\n\n\n\n<p>Zamudio Meneses recomend\u00f3 a los docentes a que acudan a sus centros de vacunaci\u00f3n que les corresponda por sus dosis de refuerzo y cuenten con sus esquemas de vacunaci\u00f3n.<\/p>\n\n\n\n<p>Tambi\u00e9n, invit\u00f3 al resto de la poblaci\u00f3n que est\u00e1 en posibilidades de recibir su primera, segunda y tercera dosis de refuerzo de vacuna contra el Covid-19 a que se apliquen sus dosis que correspondan.<\/p>\n","protected":false},"excerpt":{"rendered":"<p>*SESA, SEPE y Brigada Correcaminos de Bienestar realizan la jornada de vacunaci\u00f3n con el biol\u00f3gico Moderna hasta el 13 de enero Las secretar\u00edas de Salud (SESA) y de Educaci\u00f3n P\u00fablica del Estado (SEPE) de Tlaxcala, en coordinaci\u00f3n con las Brigadas Correcaminos de la delegaci\u00f3n de la Secretar\u00eda de Bienestar, iniciaron sin contratiempo y con alta [&hellip;]<\/p>\n","protected":false},"author":3,"featured_media":0,"comment_status":"open","ping_status":"open","sticky":false,"template":"","format":"standard","meta":{"om_disable_all_campaigns":false,"_monsterinsights_skip_tracking":false,"_monsterinsights_sitenote_active":false,"_monsterinsights_sitenote_note":"","_monsterinsights_sitenote_category":0,"jnews-multi-image_gallery":[],"jnews_single_post":[],"jnews_primary_category":[],"footnotes":""},"categories":[79,43,56,1],"tags":[],"class_list":["post-78921","post","type-post","status-publish","format-standard","hentry","category-covid","category-estado","category-salud","category-uncategorized"],"aioseo_notices":[],"_links":{"self":[{"href":"https:\/\/estado29.mx\/index.php?rest_route=\/wp\/v2\/posts\/78921","targetHints":{"allow":["GET"]}}],"collection":[{"href":"https:\/\/estado29.mx\/index.php?rest_route=\/wp\/v2\/posts"}],"about":[{"href":"https:\/\/estado29.mx\/index.php?rest_route=\/wp\/v2\/types\/post"}],"author":[{"embeddable":true,"href":"https:\/\/estado29.mx\/index.php?rest_route=\/wp\/v2\/users\/3"}],"replies":[{"embeddable":true,"href":"https:\/\/estado29.mx\/index.php?rest_route=%2Fwp%2Fv2%2Fcomments&post=78921"}],"version-history":[{"count":1,"href":"https:\/\/estado29.mx\/index.php?rest_route=\/wp\/v2\/posts\/78921\/revisions"}],"predecessor-version":[{"id":78924,"href":"https:\/\/estado29.mx\/index.php?rest_route=\/wp\/v2\/posts\/78921\/revisions\/78924"}],"wp:attachment":[{"href":"https:\/\/estado29.mx\/index.php?rest_route=%2Fwp%2Fv2%2Fmedia&parent=78921"}],"wp:term":[{"taxonomy":"category","embeddable":true,"href":"https:\/\/estado29.mx\/index.php?rest_route=%2Fwp%2Fv2%2Fcategories&post=78921"},{"taxonomy":"post_tag","embeddable":true,"href":"https:\/\/estado29.mx\/index.php?rest_route=%2Fwp%2Fv2%2Ftags&post=78921"}],"curies":[{"name":"wp","href":"https:\/\/api.w.org\/{rel}","templated":true}]}}