{"id":78937,"date":"2022-01-13T07:29:58","date_gmt":"2022-01-13T07:29:58","guid":{"rendered":"https:\/\/estado29.mx\/?p=78937"},"modified":"2022-04-22T01:55:14","modified_gmt":"2022-04-22T01:55:14","slug":"integrantes-del-consejo-general-llaman-a-resolver-definitivamente-la-investigacion-penal-en-su-contra","status":"publish","type":"post","link":"https:\/\/estado29.mx\/?p=78937","title":{"rendered":"Integrantes del Consejo General llaman a resolver definitivamente la investigaci\u00f3n penal en su contra"},"content":{"rendered":"\n<p>Consejeras y consejeros del Instituto Nacional Electoral (INE) exhortaron a las y los legisladores que integran la C\u00e1mara de Diputados y, en particular, a la bancada de Morena, a deslindarse de la denuncia penal por la determinaci\u00f3n de posponer temporalmente algunas actividades preparatorias de la eventual Revocaci\u00f3n de Mandato.<\/p>\n\n\n\n<p>En sesi\u00f3n extraordinaria, el Consejero Presidente, Lorenzo C\u00f3rdova Vianello, evidenci\u00f3 que la Fiscal\u00eda General de la Rep\u00fablica sigue haciendo indagatorias frente a denuncias que son absolutamente rid\u00edculas, que han recibido la descalificaci\u00f3n p\u00fablica de la sociedad e incluso por parte del Presidente de la Rep\u00fablica y hasta la retractaci\u00f3n de quien parad\u00f3jicamente las present\u00f3.<\/p>\n\n\n\n<p>Frente a ello, destac\u00f3 la importancia de conocer la opini\u00f3n que tienen las y los diputados de un acto que consider\u00f3 profundamente arbitrario y autoritario.<\/p>\n\n\n\n<p>\u201cSer\u00eda interesante escucharlos si avalan el planteamiento del Presidente de la C\u00e1mara o bien de muchos otros actores, incluyendo el Presidente de la Rep\u00fablica y agregar\u00eda, si creen en consecuencia, que deben hacer un llamado para que de una vez se resuelva este entuerto y la Fiscal\u00eda cierre las carpetas de investigaci\u00f3n que no tienen ning\u00fan sentido, desde mi punto de vista\u201d, dijo.<\/p>\n\n\n\n<p>El Consejero Ciro Murayama Rend\u00f3n se\u00f1al\u00f3 que a la fecha hay total opacidad sobre las acciones emprendidas por el Presidente de la C\u00e1mara de Diputados, quien anunci\u00f3 que iniciar\u00eda lo pertinente para frenar las acciones penales emprendidas; sin embargo, hasta el momento no se han hecho p\u00fablicos documentales o escritos que contengan desistimiento alguno.<\/p>\n\n\n\n<p>Ante ello pidi\u00f3 al representante de Morena ante el INE, Mario Llergo, que se pronunciara sobre las acciones penales emprendidas y diera a conocer el escrito en el cual la Presidencia de la C\u00e1mara anunci\u00f3 que pedir\u00eda que frenaran esas acciones. \u201cPorque fue desde el a\u00f1o pasado que lo anunci\u00f3 el Presidente de la C\u00e1mara y hay total opacidad, \u00bfexiste ese oficio?\u201d, cuestion\u00f3.<\/p>\n\n\n\n<p>La Consejera Claudia Zavala P\u00e9rez aclar\u00f3 que hasta este momento a\u00fan existen instancias penales abiertas por las denuncias presentadas en contra de algunos integrantes del Consejo General, \u201cpor decisiones que en su momento estuvieron fundadas y motivadas, que hemos tomado en el ejercicio de nuestras responsabilidades constitucionales\u201d.<\/p>\n\n\n\n<p>\u201cRechazo categ\u00f3ricamente las presiones, las amenazas y tambi\u00e9n las imputaciones presidenciales de que nos hayamos opuesto a un mandato constitucional o que hayamos actuado de manera antidemocr\u00e1tica, lo que hicimos fue acudir al camino que el Estado de derecho nos proporciona\u201d, mencion\u00f3.<\/p>\n\n\n\n<p>Por su parte, el Consejero Jos\u00e9 Roberto Ruiz Salda\u00f1a hizo extensiva la solicitud del pronunciamiento al diputado C\u00e9sar Hern\u00e1ndez, consejero del Poder Legislativo de Morena, para ver -dijo- si comparte esa actitud autoritaria del Presidente de la Mesa Directiva o si se deslinda.<\/p>\n\n\n\n<p>Estas reflexiones fueron acompa\u00f1adas por el Consejero Jaime Rivera Vel\u00e1zquez, quien hizo extensiva la solicitud de posicionamiento a todos los integrantes del Consejo General que son parte del Poder Legislativo.<\/p>\n","protected":false},"excerpt":{"rendered":"<p>Consejeras y consejeros del Instituto Nacional Electoral (INE) exhortaron a las y los legisladores que integran la C\u00e1mara de Diputados y, en particular, a la bancada de Morena, a deslindarse de la denuncia penal por la determinaci\u00f3n de posponer temporalmente algunas actividades preparatorias de la eventual Revocaci\u00f3n de Mandato. En sesi\u00f3n extraordinaria, el Consejero Presidente, [&hellip;]<\/p>\n","protected":false},"author":3,"featured_media":0,"comment_status":"closed","ping_status":"open","sticky":false,"template":"","format":"standard","meta":{"om_disable_all_campaigns":false,"_monsterinsights_skip_tracking":false,"_monsterinsights_sitenote_active":false,"_monsterinsights_sitenote_note":"","_monsterinsights_sitenote_category":0,"jnews-multi-image_gallery":[],"jnews_single_post":{"subtitle":"","format":"standard"},"jnews_primary_category":[],"footnotes":""},"categories":[43,1],"tags":[],"class_list":["post-78937","post","type-post","status-publish","format-standard","hentry","category-estado","category-uncategorized"],"aioseo_notices":[],"_links":{"self":[{"href":"https:\/\/estado29.mx\/index.php?rest_route=\/wp\/v2\/posts\/78937","targetHints":{"allow":["GET"]}}],"collection":[{"href":"https:\/\/estado29.mx\/index.php?rest_route=\/wp\/v2\/posts"}],"about":[{"href":"https:\/\/estado29.mx\/index.php?rest_route=\/wp\/v2\/types\/post"}],"author":[{"embeddable":true,"href":"https:\/\/estado29.mx\/index.php?rest_route=\/wp\/v2\/users\/3"}],"replies":[{"embeddable":true,"href":"https:\/\/estado29.mx\/index.php?rest_route=%2Fwp%2Fv2%2Fcomments&post=78937"}],"version-history":[{"count":1,"href":"https:\/\/estado29.mx\/index.php?rest_route=\/wp\/v2\/posts\/78937\/revisions"}],"predecessor-version":[{"id":78940,"href":"https:\/\/estado29.mx\/index.php?rest_route=\/wp\/v2\/posts\/78937\/revisions\/78940"}],"wp:attachment":[{"href":"https:\/\/estado29.mx\/index.php?rest_route=%2Fwp%2Fv2%2Fmedia&parent=78937"}],"wp:term":[{"taxonomy":"category","embeddable":true,"href":"https:\/\/estado29.mx\/index.php?rest_route=%2Fwp%2Fv2%2Fcategories&post=78937"},{"taxonomy":"post_tag","embeddable":true,"href":"https:\/\/estado29.mx\/index.php?rest_route=%2Fwp%2Fv2%2Ftags&post=78937"}],"curies":[{"name":"wp","href":"https:\/\/api.w.org\/{rel}","templated":true}]}}