{"id":79100,"date":"2022-04-29T16:02:29","date_gmt":"2022-04-29T16:02:29","guid":{"rendered":"https:\/\/estado29.mx\/?p=79100"},"modified":"2022-04-29T16:02:30","modified_gmt":"2022-04-29T16:02:30","slug":"signa-convenios-la-propaet-con-municipios-para-la-proteccion-del-ambiente-en-tlaxcala","status":"publish","type":"post","link":"https:\/\/estado29.mx\/?p=79100","title":{"rendered":"Signa convenios la PROPAET con municipios para la protecci\u00f3n del ambiente en Tlaxcala"},"content":{"rendered":"\n<p>*El objetivo es establecer compromisos conjuntos para la prevenci\u00f3n, restauraci\u00f3n y conservaci\u00f3n del medio ambiente<\/p>\n\n\n\n<p> La Procuradur\u00eda de Protecci\u00f3n al Ambiente del Estado de Tlaxcala (Propaet) sign\u00f3 un convenio de coordinaci\u00f3n con alcaldes de la entidad, con el objetivo de establecer compromisos conjuntos para la prevenci\u00f3n, restauraci\u00f3n y conservaci\u00f3n del patrimonio natural y la protecci\u00f3n del medio ambiente. <\/p>\n\n\n\n<p>En el acto protocolario, el titular de la Propaet, Iv\u00e1n Garc\u00eda Ju\u00e1rez resalt\u00f3 que es de vital importancia llevar a cabo actividades y acciones permanentes para la contenci\u00f3n del deterioro y saneamiento ambiental integral, ya que la deforestaci\u00f3n y el cambio de uso de suelo han provocado p\u00e9rdida de especies vegetales y animales, adem\u00e1s del deterioro, erosi\u00f3n y disminuci\u00f3n de la fertilidad natural de los suelos. <\/p>\n\n\n\n<p>Destac\u00f3 que la suscripci\u00f3n de este convenio representa la primera de m\u00faltiples acciones coordinadas y tendientes para disminuir el detrimento ambiental en el estado, fortalecer la cooperaci\u00f3n entre autoridades de los diferentes niveles de gobierno para conservar y proteger el ecosistema, as\u00ed como abordar los desaf\u00edos y prioridades ambientales. <\/p>\n\n\n\n<p>Se\u00f1al\u00f3 que es tarea de todos atender este importante tema para heredar un futuro mejor a las nuevas generaciones, a trav\u00e9s de m\u00faltiples acciones alineadas a la agenda de gobierno enfocada a resolver las problem\u00e1ticas ambientales. Cabe mencionar que en dicho instrumento tambi\u00e9n se prev\u00e9 impulsar acciones en materia de inspecci\u00f3n y vigilancia del cumplimiento de la normativa ambiental, el intercambio de informaci\u00f3n, padrones y bases de datos de las obras y actividades que impliquen riesgo o impacto ambiental, facilitar informaci\u00f3n para la atenci\u00f3n de denuncias ambientales, orientaci\u00f3n para la integraci\u00f3n de proyectos de protecci\u00f3n del ambiente, aunado a capacitaci\u00f3n y asesor\u00eda t\u00e9cnica. <\/p>\n\n\n\n<p>A este evento asistieron como testigos de honor, el titular de la Secretar\u00eda de Medio Ambiente (SMA), Luis Antonio Ram\u00edrez Hern\u00e1ndez y la diputada Marcela Gonz\u00e1lez Castillo, as\u00ed como los alcaldes de Chiautempan, Totolac, Santa Cruz Tlaxcala, Tepeyanco, Amaxac, Xicotzinco, Acuamanala, Ayometla, Mazatecochco, Nativitas, Tenancingo, Atlangatepec, Tlaxco, Zacualpan, Tetlanohcan, Texoloc, Xaloztoc, Tlaltelulco, Terrenate, Axocomanitla, Quilehtla, Sanct\u00f3rum, Tepetitla, Tecopilco, Nanacamilpa, Atltzayanca, Cuapiaxtla, Ixtenco, Contla, Panotla y Calpulalpan.<\/p>\n","protected":false},"excerpt":{"rendered":"<p>*El objetivo es establecer compromisos conjuntos para la prevenci\u00f3n, restauraci\u00f3n y conservaci\u00f3n del medio ambiente La Procuradur\u00eda de Protecci\u00f3n al Ambiente del Estado de Tlaxcala (Propaet) sign\u00f3 un convenio de coordinaci\u00f3n con alcaldes de la entidad, con el objetivo de establecer compromisos conjuntos para la prevenci\u00f3n, restauraci\u00f3n y conservaci\u00f3n del patrimonio natural y la protecci\u00f3n [&hellip;]<\/p>\n","protected":false},"author":4,"featured_media":79101,"comment_status":"open","ping_status":"open","sticky":false,"template":"","format":"standard","meta":{"om_disable_all_campaigns":false,"_monsterinsights_skip_tracking":false,"_monsterinsights_sitenote_active":false,"_monsterinsights_sitenote_note":"","_monsterinsights_sitenote_category":0,"jnews-multi-image_gallery":[],"jnews_single_post":{"subtitle":"","format":"standard","video":"","gallery":"","source_name":"","source_url":"","via_name":"","via_url":"","override_template":"0","override":[{"template":"1","single_blog_custom":"","parallax":"1","fullscreen":"1","layout":"right-sidebar","sidebar":"default-sidebar","second_sidebar":"default-sidebar","sticky_sidebar":"1","share_position":"top","share_float_style":"share-monocrhome","show_share_counter":"1","show_view_counter":"1","show_featured":"1","show_post_meta":"1","show_post_author":"1","show_post_author_image":"1","show_post_date":"1","post_date_format":"default","post_date_format_custom":"Y\/m\/d","show_post_category":"1","show_post_reading_time":"0","post_reading_time_wpm":"300","show_zoom_button":"0","zoom_button_out_step":"2","zoom_button_in_step":"3","show_post_tag":"1","show_prev_next_post":"1","show_popup_post":"1","number_popup_post":"1","show_author_box":"1","show_post_related":"0","show_inline_post_related":"0"}],"override_image_size":"0","image_override":[{"single_post_thumbnail_size":"crop-500","single_post_gallery_size":"crop-500"}],"trending_post":"0","trending_post_position":"meta","trending_post_label":"Trending","sponsored_post":"0","sponsored_post_label":"Sponsored by","sponsored_post_name":"","sponsored_post_url":"","sponsored_post_logo_enable":"0","sponsored_post_logo":"","sponsored_post_desc":"","disable_ad":"0"},"jnews_primary_category":{"id":""},"footnotes":""},"categories":[53,80,43,52,47,61],"tags":[111,112,110,109,108],"class_list":["post-79100","post","type-post","status-publish","format-standard","has-post-thumbnail","hentry","category-congreso","category-educacion","category-estado","category-gobierno-de-tlaxcala","category-municipios","category-presidentes-municipales","tag-alcaldes","tag-media-ambiente","tag-municipios","tag-propaet","tag-sma"],"aioseo_notices":[],"_links":{"self":[{"href":"https:\/\/estado29.mx\/index.php?rest_route=\/wp\/v2\/posts\/79100","targetHints":{"allow":["GET"]}}],"collection":[{"href":"https:\/\/estado29.mx\/index.php?rest_route=\/wp\/v2\/posts"}],"about":[{"href":"https:\/\/estado29.mx\/index.php?rest_route=\/wp\/v2\/types\/post"}],"author":[{"embeddable":true,"href":"https:\/\/estado29.mx\/index.php?rest_route=\/wp\/v2\/users\/4"}],"replies":[{"embeddable":true,"href":"https:\/\/estado29.mx\/index.php?rest_route=%2Fwp%2Fv2%2Fcomments&post=79100"}],"version-history":[{"count":1,"href":"https:\/\/estado29.mx\/index.php?rest_route=\/wp\/v2\/posts\/79100\/revisions"}],"predecessor-version":[{"id":79102,"href":"https:\/\/estado29.mx\/index.php?rest_route=\/wp\/v2\/posts\/79100\/revisions\/79102"}],"wp:featuredmedia":[{"embeddable":true,"href":"https:\/\/estado29.mx\/index.php?rest_route=\/wp\/v2\/media\/79101"}],"wp:attachment":[{"href":"https:\/\/estado29.mx\/index.php?rest_route=%2Fwp%2Fv2%2Fmedia&parent=79100"}],"wp:term":[{"taxonomy":"category","embeddable":true,"href":"https:\/\/estado29.mx\/index.php?rest_route=%2Fwp%2Fv2%2Fcategories&post=79100"},{"taxonomy":"post_tag","embeddable":true,"href":"https:\/\/estado29.mx\/index.php?rest_route=%2Fwp%2Fv2%2Ftags&post=79100"}],"curies":[{"name":"wp","href":"https:\/\/api.w.org\/{rel}","templated":true}]}}