{"id":79200,"date":"2022-05-18T12:43:35","date_gmt":"2022-05-18T12:43:35","guid":{"rendered":"https:\/\/estado29.mx\/?p=79200"},"modified":"2022-05-18T12:43:38","modified_gmt":"2022-05-18T12:43:38","slug":"morena-tlaxcala-se-pronuncia-contra-la-discriminacion","status":"publish","type":"post","link":"https:\/\/estado29.mx\/?p=79200","title":{"rendered":"Morena Tlaxcala se pronuncia contra la Discriminaci\u00f3n\u00a0"},"content":{"rendered":"\n<p>El d\u00eda de ayer el Comit\u00e9 Ejecutivo Local, en compa\u00f1\u00eda del Enlace de la Secretar\u00eda de Diversidad Sexual del Comit\u00e9 Ejecutivo Nacional de Morena en Tlaxcala, emitieron un pronunciamiento en el marco del d\u00eda contra la LGBT Fobia, en el cu\u00e1l, se se\u00f1ala que los derechos humanos de la comunidad LGBTTTIQ+ se han convertido en \u201cuna lucha constante y duradera durante varias d\u00e9cadas\u201d.<\/p>\n\n\n\n<p>Adem\u00e1s, celebraron que en congresos locales donde la mayor\u00eda est\u00e1 conformada por la 4T, asuman con \u201cresponsabilidad la deuda hist\u00f3rica\u201d que se tiene con las poblaciones de la Diversidad Sexual.&nbsp;<\/p>\n\n\n\n<p>El enlace de la Secretar\u00eda Nacional de Diversidad Sexual de Morena en Tlaxcala, precis\u00f3 que en muchas partes del pa\u00eds predomina una visi\u00f3n heteronormativa, que se traduce en LGBT fobia Institucional y estructural, para luego transformarse en violencia f\u00edsica y psicol\u00f3gica que tanto golpea a la poblaci\u00f3n Diverso Sexual.&nbsp;<\/p>\n\n\n\n<p>Sosa agradeci\u00f3 al Delegado en funciones de Presidente del CEE de morena Tlaxcala V\u00edctor Garc\u00eda Lozano por su apertura y apoyo a las actividades que realiza la Secretar\u00eda de Diversidad Sexual, al mismo tiempo, este \u00faltimo se\u00f1al\u00f3 la importancia de mantener una agenda pol\u00edtica de inclusi\u00f3n y empoderamiento de la Diversidad sexual Tlaxcalteca.&nbsp;<\/p>\n\n\n\n<p>Cabe mencionar que se anunciaron acciones que forman parte de una agenda Pol\u00edtica que buscar\u00e1n coadyuvar&nbsp;&nbsp;a la erradicaci\u00f3n de la Discriminaci\u00f3n por Orientaci\u00f3n Sexual e identidad de G\u00e9nero, tales como una iniciativa para promover las acciones Afirmativas a favor de este sector para&nbsp;&nbsp;asegurar el acceso a cargos de elecci\u00f3n popular y la solicitud de creaci\u00f3n de un observatorio ciudadano conformado por activistas para vigilar la asignaci\u00f3n de dichas candidaturas.&nbsp;<\/p>\n","protected":false},"excerpt":{"rendered":"<p>El d\u00eda de ayer el Comit\u00e9 Ejecutivo Local, en compa\u00f1\u00eda del Enlace de la Secretar\u00eda de Diversidad Sexual del Comit\u00e9 Ejecutivo Nacional de Morena en Tlaxcala, emitieron un pronunciamiento en el marco del d\u00eda contra la LGBT Fobia, en el cu\u00e1l, se se\u00f1ala que los derechos humanos de la comunidad LGBTTTIQ+ se han convertido en [&hellip;]<\/p>\n","protected":false},"author":4,"featured_media":79201,"comment_status":"open","ping_status":"open","sticky":false,"template":"","format":"standard","meta":{"om_disable_all_campaigns":false,"_monsterinsights_skip_tracking":false,"_monsterinsights_sitenote_active":false,"_monsterinsights_sitenote_note":"","_monsterinsights_sitenote_category":0,"jnews-multi-image_gallery":[],"jnews_single_post":{"subtitle":"","format":"standard","video":"","gallery":"","source_name":"","source_url":"","via_name":"","via_url":"","override_template":"0","override":[{"template":"1","single_blog_custom":"","parallax":"1","fullscreen":"1","layout":"right-sidebar","sidebar":"default-sidebar","second_sidebar":"default-sidebar","sticky_sidebar":"1","share_position":"top","share_float_style":"share-monocrhome","show_share_counter":"1","show_view_counter":"1","show_featured":"1","show_post_meta":"1","show_post_author":"1","show_post_author_image":"1","show_post_date":"1","post_date_format":"default","post_date_format_custom":"Y\/m\/d","show_post_category":"1","show_post_reading_time":"0","post_reading_time_wpm":"300","show_zoom_button":"0","zoom_button_out_step":"2","zoom_button_in_step":"3","show_post_tag":"1","show_prev_next_post":"1","show_popup_post":"1","number_popup_post":"1","show_author_box":"1","show_post_related":"0","show_inline_post_related":"0"}],"override_image_size":"0","image_override":[{"single_post_thumbnail_size":"crop-500","single_post_gallery_size":"crop-500"}],"trending_post":"0","trending_post_position":"meta","trending_post_label":"Trending","sponsored_post":"0","sponsored_post_label":"Sponsored by","sponsored_post_name":"","sponsored_post_url":"","sponsored_post_logo_enable":"0","sponsored_post_logo":"","sponsored_post_desc":"","disable_ad":"0"},"jnews_primary_category":{"id":""},"footnotes":""},"categories":[53,43,47,59,46],"tags":[174,110,175,96],"class_list":["post-79200","post","type-post","status-publish","format-standard","has-post-thumbnail","hentry","category-congreso","category-estado","category-municipios","category-partidos-politicos","category-politica","tag-morena","tag-municipios","tag-partidos-politicos","tag-tlaxcala"],"aioseo_notices":[],"_links":{"self":[{"href":"https:\/\/estado29.mx\/index.php?rest_route=\/wp\/v2\/posts\/79200","targetHints":{"allow":["GET"]}}],"collection":[{"href":"https:\/\/estado29.mx\/index.php?rest_route=\/wp\/v2\/posts"}],"about":[{"href":"https:\/\/estado29.mx\/index.php?rest_route=\/wp\/v2\/types\/post"}],"author":[{"embeddable":true,"href":"https:\/\/estado29.mx\/index.php?rest_route=\/wp\/v2\/users\/4"}],"replies":[{"embeddable":true,"href":"https:\/\/estado29.mx\/index.php?rest_route=%2Fwp%2Fv2%2Fcomments&post=79200"}],"version-history":[{"count":1,"href":"https:\/\/estado29.mx\/index.php?rest_route=\/wp\/v2\/posts\/79200\/revisions"}],"predecessor-version":[{"id":79202,"href":"https:\/\/estado29.mx\/index.php?rest_route=\/wp\/v2\/posts\/79200\/revisions\/79202"}],"wp:featuredmedia":[{"embeddable":true,"href":"https:\/\/estado29.mx\/index.php?rest_route=\/wp\/v2\/media\/79201"}],"wp:attachment":[{"href":"https:\/\/estado29.mx\/index.php?rest_route=%2Fwp%2Fv2%2Fmedia&parent=79200"}],"wp:term":[{"taxonomy":"category","embeddable":true,"href":"https:\/\/estado29.mx\/index.php?rest_route=%2Fwp%2Fv2%2Fcategories&post=79200"},{"taxonomy":"post_tag","embeddable":true,"href":"https:\/\/estado29.mx\/index.php?rest_route=%2Fwp%2Fv2%2Ftags&post=79200"}],"curies":[{"name":"wp","href":"https:\/\/api.w.org\/{rel}","templated":true}]}}