{"id":79293,"date":"2022-05-24T07:24:00","date_gmt":"2022-05-24T07:24:00","guid":{"rendered":"https:\/\/estado29.mx\/?p=79293"},"modified":"2022-05-24T12:23:25","modified_gmt":"2022-05-24T12:23:25","slug":"ssc-detienen-en-apizaco-a-presunto-responsable-de-portacion-ilegal-de-arma-de-fuego","status":"publish","type":"post","link":"https:\/\/estado29.mx\/?p=79293","title":{"rendered":"SSC detienen en Apizaco a presunto responsable de portaci\u00f3n ilegal de arma de fuego."},"content":{"rendered":"\n<p><br>\u2022 El detenido portaba un arma de fuego calibre .380 auto con 6 cartuchos \u00fatiles.<\/p>\n\n\n\n<p><br>Mediante acciones de combate y prevenci\u00f3n del delito como uno de los ejes fundamentales de la seguridad p\u00fablica que atiende y combate el fen\u00f3meno social de la delincuencia, la Secretar\u00eda de Seguridad Ciudadana (SSC) detuvo a una persona con arma de fuego en el municipio de Apizaco.<\/p>\n\n\n\n<p><br>Elementos del Grupo de Operaciones Especiales que realizaban recorridos de seguridad y vigilancia, detectaron a un sujeto a bordo de una camioneta tipo NP300 de la marca Nissan sobre calle Josefa Ortiz de Dom\u00ednguez, esquina con calle Orqu\u00eddeas de la colonia Jardines del Sur; mismo que tras percibir la presencia policial, intent\u00f3 retirarse del lugar:<\/p>\n\n\n\n<p><br>Ante el comportamiento evasivo, el personal de la SSC procedi\u00f3 a interceptar la unidad vehicular a fin de indagar la situaci\u00f3n. Esa as\u00ed que mediante una inspecci\u00f3n preventiva encontr\u00f3 entre los asientos del conductor y copiloto un arma de fuego calibre .380 auto con seis cartuchos \u00fatiles.<br>Tras no contar con documento alguno que legitimara la posesi\u00f3n y portaci\u00f3n legal del arma de fuego, el sujeto identificado como Francisco \u201cN\u201d de 35 a\u00f1os de edad fue detenido.<\/p>\n\n\n\n<p><br>Cabe resaltar que, al consultar en el Sistema de Plataforma M\u00e9xico, el detenido cuenta con antecedentes por el delito de robo.<br>En aras de salvaguardar la integridad y derechos de las personas, as\u00ed como preservar el orden y la paz social la SSC mantiene el compromiso de revenir y combatir toda actividad que infrinja la ley.<\/p>\n","protected":false},"excerpt":{"rendered":"<p>\u2022 El detenido portaba un arma de fuego calibre .380 auto con 6 cartuchos \u00fatiles. Mediante acciones de combate y prevenci\u00f3n del delito como uno de los ejes fundamentales de la seguridad p\u00fablica que atiende y combate el fen\u00f3meno social de la delincuencia, la Secretar\u00eda de Seguridad Ciudadana (SSC) detuvo a una persona con arma [&hellip;]<\/p>\n","protected":false},"author":4,"featured_media":79294,"comment_status":"open","ping_status":"open","sticky":false,"template":"","format":"standard","meta":{"om_disable_all_campaigns":false,"_monsterinsights_skip_tracking":false,"_monsterinsights_sitenote_active":false,"_monsterinsights_sitenote_note":"","_monsterinsights_sitenote_category":0,"jnews-multi-image_gallery":[],"jnews_single_post":{"subtitle":"","format":"standard","video":"","gallery":"","source_name":"","source_url":"","via_name":"","via_url":"","override_template":"0","override":[{"template":"1","single_blog_custom":"","parallax":"1","fullscreen":"1","layout":"right-sidebar","sidebar":"default-sidebar","second_sidebar":"default-sidebar","sticky_sidebar":"1","share_position":"top","share_float_style":"share-monocrhome","show_share_counter":"1","show_view_counter":"1","show_featured":"1","show_post_meta":"1","show_post_author":"1","show_post_author_image":"1","show_post_date":"1","post_date_format":"default","post_date_format_custom":"Y\/m\/d","show_post_category":"1","show_post_reading_time":"0","post_reading_time_wpm":"300","show_zoom_button":"0","zoom_button_out_step":"2","zoom_button_in_step":"3","show_post_tag":"1","show_prev_next_post":"1","show_popup_post":"1","number_popup_post":"1","show_author_box":"1","show_post_related":"0","show_inline_post_related":"0"}],"override_image_size":"0","image_override":[{"single_post_thumbnail_size":"crop-500","single_post_gallery_size":"crop-500"}],"trending_post":"0","trending_post_position":"meta","trending_post_label":"Trending","sponsored_post":"0","sponsored_post_label":"Sponsored by","sponsored_post_name":"","sponsored_post_url":"","sponsored_post_logo_enable":"0","sponsored_post_logo":"","sponsored_post_desc":"","disable_ad":"0"},"jnews_primary_category":{"id":""},"footnotes":""},"categories":[65,43,52],"tags":[101,110,119,118],"class_list":["post-79293","post","type-post","status-publish","format-standard","has-post-thumbnail","hentry","category-apizaco","category-estado","category-gobierno-de-tlaxcala","tag-delitos","tag-municipios","tag-seguridad","tag-ssc"],"aioseo_notices":[],"_links":{"self":[{"href":"https:\/\/estado29.mx\/index.php?rest_route=\/wp\/v2\/posts\/79293","targetHints":{"allow":["GET"]}}],"collection":[{"href":"https:\/\/estado29.mx\/index.php?rest_route=\/wp\/v2\/posts"}],"about":[{"href":"https:\/\/estado29.mx\/index.php?rest_route=\/wp\/v2\/types\/post"}],"author":[{"embeddable":true,"href":"https:\/\/estado29.mx\/index.php?rest_route=\/wp\/v2\/users\/4"}],"replies":[{"embeddable":true,"href":"https:\/\/estado29.mx\/index.php?rest_route=%2Fwp%2Fv2%2Fcomments&post=79293"}],"version-history":[{"count":1,"href":"https:\/\/estado29.mx\/index.php?rest_route=\/wp\/v2\/posts\/79293\/revisions"}],"predecessor-version":[{"id":79295,"href":"https:\/\/estado29.mx\/index.php?rest_route=\/wp\/v2\/posts\/79293\/revisions\/79295"}],"wp:featuredmedia":[{"embeddable":true,"href":"https:\/\/estado29.mx\/index.php?rest_route=\/wp\/v2\/media\/79294"}],"wp:attachment":[{"href":"https:\/\/estado29.mx\/index.php?rest_route=%2Fwp%2Fv2%2Fmedia&parent=79293"}],"wp:term":[{"taxonomy":"category","embeddable":true,"href":"https:\/\/estado29.mx\/index.php?rest_route=%2Fwp%2Fv2%2Fcategories&post=79293"},{"taxonomy":"post_tag","embeddable":true,"href":"https:\/\/estado29.mx\/index.php?rest_route=%2Fwp%2Fv2%2Ftags&post=79293"}],"curies":[{"name":"wp","href":"https:\/\/api.w.org\/{rel}","templated":true}]}}