{"id":79320,"date":"2022-05-25T07:25:00","date_gmt":"2022-05-25T07:25:00","guid":{"rendered":"https:\/\/estado29.mx\/?p=79320"},"modified":"2022-05-25T12:26:39","modified_gmt":"2022-05-25T12:26:39","slug":"la-ssc-detiene-en-chiautempan-a-presunto-traficante-de-migrantes","status":"publish","type":"post","link":"https:\/\/estado29.mx\/?p=79320","title":{"rendered":"La SSC detiene en Chiautempan a presunto traficante de migrantes"},"content":{"rendered":"\n<p>\u2022 El detenido transportaba a seis personas indocumentadas entre ellas dos menores de edad.<\/p>\n\n\n\n<p>Elementos de la Direcci\u00f3n de Investigaci\u00f3n y la Unidad de Combate al Robo de Veh\u00edculos y Transporte, pertenecientes a la Secretar\u00eda de Seguridad Ciudadana (SSC), detuvieron ayer por la tarde en el municipio de Chiautempan a una persona, la cual se presume traficaba personas indocumentadas en su veh\u00edculo.<\/p>\n\n\n\n<p>Como resultado de los operativos y acciones permanentes implementadas para la prevenci\u00f3n y combate de toda incidencia delictiva en el estado de Tlaxcala, personal de la SSC \u00a0detect\u00f3 sobre carretera Puebla-Santa Ana, en calle \u00a0Ignacio Picasso, una camioneta tipo Pickup doble cabina de color negro, la cual era conducida en forma negligente, por lo cual se le hizo una detenci\u00f3n preventiva.<\/p>\n\n\n\n<p>Tras inquirir al conductor, se observ\u00f3 que al interior viajan cuatro femeninas y dos menores de edad, por lo cual se realiz\u00f3 una inspecci\u00f3n preventiva, ya que las tripulantes denotaban nerviosismo por lo cual se les cuestion\u00f3 su destino, contradici\u00e9ndose, al mismo tiempo mencionaron de propia voz ser de origen centroamericano y no cuentan con documento alguno que les permitan permanecer en el territorio de manera legal.<\/p>\n\n\n\n<p>Siendo un hecho probablemente delictivo, el conductor de la unidad quien, se identific\u00f3 como Iv\u00e1n N., de 39 a\u00f1os de edad, fue detenido conforme a los derechos que le asisten, y las personas fueron canalizadas a la instituci\u00f3n competente para realizar las acciones correspondientes.<br>Finalmente, la persona detenida y veh\u00edculo asegurado fueron puestos a disposici\u00f3n ante el representante social competente.<\/p>\n","protected":false},"excerpt":{"rendered":"<p>\u2022 El detenido transportaba a seis personas indocumentadas entre ellas dos menores de edad. Elementos de la Direcci\u00f3n de Investigaci\u00f3n y la Unidad de Combate al Robo de Veh\u00edculos y Transporte, pertenecientes a la Secretar\u00eda de Seguridad Ciudadana (SSC), detuvieron ayer por la tarde en el municipio de Chiautempan a una persona, la cual se [&hellip;]<\/p>\n","protected":false},"author":4,"featured_media":79321,"comment_status":"open","ping_status":"open","sticky":false,"template":"","format":"standard","meta":{"om_disable_all_campaigns":false,"_monsterinsights_skip_tracking":false,"_monsterinsights_sitenote_active":false,"_monsterinsights_sitenote_note":"","_monsterinsights_sitenote_category":0,"jnews-multi-image_gallery":[],"jnews_single_post":{"subtitle":"","format":"standard","video":"","gallery":"","source_name":"","source_url":"","via_name":"","via_url":"","override_template":"0","override":[{"template":"1","single_blog_custom":"","parallax":"1","fullscreen":"1","layout":"right-sidebar","sidebar":"default-sidebar","second_sidebar":"default-sidebar","sticky_sidebar":"1","share_position":"top","share_float_style":"share-monocrhome","show_share_counter":"1","show_view_counter":"1","show_featured":"1","show_post_meta":"1","show_post_author":"1","show_post_author_image":"1","show_post_date":"1","post_date_format":"default","post_date_format_custom":"Y\/m\/d","show_post_category":"1","show_post_reading_time":"0","post_reading_time_wpm":"300","show_zoom_button":"0","zoom_button_out_step":"2","zoom_button_in_step":"3","show_post_tag":"1","show_prev_next_post":"1","show_popup_post":"1","number_popup_post":"1","show_author_box":"1","show_post_related":"0","show_inline_post_related":"0"}],"override_image_size":"0","image_override":[{"single_post_thumbnail_size":"crop-500","single_post_gallery_size":"crop-500"}],"trending_post":"0","trending_post_position":"meta","trending_post_label":"Trending","sponsored_post":"0","sponsored_post_label":"Sponsored by","sponsored_post_name":"","sponsored_post_url":"","sponsored_post_logo_enable":"0","sponsored_post_logo":"","sponsored_post_desc":"","disable_ad":"0"},"jnews_primary_category":{"id":""},"footnotes":""},"categories":[43,47],"tags":[101,110,119,118],"class_list":["post-79320","post","type-post","status-publish","format-standard","has-post-thumbnail","hentry","category-estado","category-municipios","tag-delitos","tag-municipios","tag-seguridad","tag-ssc"],"aioseo_notices":[],"_links":{"self":[{"href":"https:\/\/estado29.mx\/index.php?rest_route=\/wp\/v2\/posts\/79320","targetHints":{"allow":["GET"]}}],"collection":[{"href":"https:\/\/estado29.mx\/index.php?rest_route=\/wp\/v2\/posts"}],"about":[{"href":"https:\/\/estado29.mx\/index.php?rest_route=\/wp\/v2\/types\/post"}],"author":[{"embeddable":true,"href":"https:\/\/estado29.mx\/index.php?rest_route=\/wp\/v2\/users\/4"}],"replies":[{"embeddable":true,"href":"https:\/\/estado29.mx\/index.php?rest_route=%2Fwp%2Fv2%2Fcomments&post=79320"}],"version-history":[{"count":1,"href":"https:\/\/estado29.mx\/index.php?rest_route=\/wp\/v2\/posts\/79320\/revisions"}],"predecessor-version":[{"id":79322,"href":"https:\/\/estado29.mx\/index.php?rest_route=\/wp\/v2\/posts\/79320\/revisions\/79322"}],"wp:featuredmedia":[{"embeddable":true,"href":"https:\/\/estado29.mx\/index.php?rest_route=\/wp\/v2\/media\/79321"}],"wp:attachment":[{"href":"https:\/\/estado29.mx\/index.php?rest_route=%2Fwp%2Fv2%2Fmedia&parent=79320"}],"wp:term":[{"taxonomy":"category","embeddable":true,"href":"https:\/\/estado29.mx\/index.php?rest_route=%2Fwp%2Fv2%2Fcategories&post=79320"},{"taxonomy":"post_tag","embeddable":true,"href":"https:\/\/estado29.mx\/index.php?rest_route=%2Fwp%2Fv2%2Ftags&post=79320"}],"curies":[{"name":"wp","href":"https:\/\/api.w.org\/{rel}","templated":true}]}}