{"id":79399,"date":"2022-05-27T07:42:00","date_gmt":"2022-05-27T07:42:00","guid":{"rendered":"https:\/\/estado29.mx\/?p=79399"},"modified":"2022-05-27T12:43:50","modified_gmt":"2022-05-27T12:43:50","slug":"clausura-ssc-semana-juntos-por-la-prevencion-del-delito-en-atlangatepec","status":"publish","type":"post","link":"https:\/\/estado29.mx\/?p=79399","title":{"rendered":"Clausura SSC semana &#8220;juntos por la prevenci\u00f3n del delito &#8221; en Atlangatepec."},"content":{"rendered":"\n<p>*Durante la jornada se atendi\u00f3 a un total de 772 personas, entre estudiantes del nivel b\u00e1sico, madres y padres de familia, as\u00ed como ciudadan\u00eda en general<\/p>\n\n\n\n<p>La Secretar\u00eda de Seguridad Ciudadana (SSC) clausur\u00f3 la semana \u201cJuntos por la prevenci\u00f3n del delito\u201d, donde atendi\u00f3 a 772 personas entre estudiantes del nivel b\u00e1sico, madres y padres de familia, as\u00ed como a la ciudadan\u00eda en general en el municipio de Atlangatepec.<\/p>\n\n\n\n<p>En representaci\u00f3n del secretario de Seguridad Ciudadana, Ra\u00fal Ruiz Garc\u00eda, la jefa del Departamento de Prevenci\u00f3n del Delito de la SSC, Ingrid Rub\u00ed Morales S\u00e1nchez asever\u00f3 que es necesario fomentar desde las escuelas y comunidades una cultura de prevenci\u00f3n del delito.<\/p>\n\n\n\n<p>\u201cSe implementan y desarrollan programas de proximidad social que permitan reducir estos \u00edndices en el territorio tlaxcalteca y la violencia de g\u00e9nero, preservar los valores, as\u00ed como crear v\u00ednculos entre la sociedad y los cuerpos de seguridad\u201d, subray\u00f3.<\/p>\n\n\n\n<p>Resalt\u00f3 que se dictaron 26 pl\u00e1ticas donde abordaron temas como: \u201cConsumo de drogas\u201d, \u201cPrevenci\u00f3n de suicidios\u201d, \u201cViolencia de G\u00e9nero\u201d, \u201cTrata de personas\u201d y \u201cPrevenci\u00f3n de accidentes\u201d, con el fin de fomentar la reflexi\u00f3n para encontrar soluciones efectivas ante il\u00edcitos y conductas que afectan la salud o atentan contra las mujeres.<\/p>\n\n\n\n<p>Durante la clausura se instalaron m\u00f3dulos interactivos de las diferentes \u00e1reas de la SSC, entre los que destacan Bomberos, Direcci\u00f3n de Polic\u00eda Estatal de Caminos y Vialidad, Instituto de Formaci\u00f3n, Centros de Reinserci\u00f3n Social (Ceresos) y Capacitaci\u00f3n de Seguridad P\u00fablica, Grupo Antidisturbios y las unidades de Equidad de G\u00e9nero, Canina (K9) y Polic\u00eda Cibern\u00e9tica, entre otras.<\/p>\n\n\n\n<p>La SSC trabaja para preservar el orden y la paz, a trav\u00e9s de la prevenci\u00f3n y el combate de il\u00edcitos que infrinjan la ley en el estado.<\/p>\n","protected":false},"excerpt":{"rendered":"<p>*Durante la jornada se atendi\u00f3 a un total de 772 personas, entre estudiantes del nivel b\u00e1sico, madres y padres de familia, as\u00ed como ciudadan\u00eda en general La Secretar\u00eda de Seguridad Ciudadana (SSC) clausur\u00f3 la semana \u201cJuntos por la prevenci\u00f3n del delito\u201d, donde atendi\u00f3 a 772 personas entre estudiantes del nivel b\u00e1sico, madres y padres de [&hellip;]<\/p>\n","protected":false},"author":4,"featured_media":79400,"comment_status":"open","ping_status":"open","sticky":false,"template":"","format":"standard","meta":{"om_disable_all_campaigns":false,"_monsterinsights_skip_tracking":false,"_monsterinsights_sitenote_active":false,"_monsterinsights_sitenote_note":"","_monsterinsights_sitenote_category":0,"jnews-multi-image_gallery":[],"jnews_single_post":{"subtitle":"","format":"standard","video":"","gallery":"","source_name":"","source_url":"","via_name":"","via_url":"","override_template":"0","override":[{"template":"1","single_blog_custom":"","parallax":"1","fullscreen":"1","layout":"right-sidebar","sidebar":"default-sidebar","second_sidebar":"default-sidebar","sticky_sidebar":"1","share_position":"top","share_float_style":"share-monocrhome","show_share_counter":"1","show_view_counter":"1","show_featured":"1","show_post_meta":"1","show_post_author":"1","show_post_author_image":"1","show_post_date":"1","post_date_format":"default","post_date_format_custom":"Y\/m\/d","show_post_category":"1","show_post_reading_time":"0","post_reading_time_wpm":"300","show_zoom_button":"0","zoom_button_out_step":"2","zoom_button_in_step":"3","show_post_tag":"1","show_prev_next_post":"1","show_popup_post":"1","number_popup_post":"1","show_author_box":"1","show_post_related":"0","show_inline_post_related":"0"}],"override_image_size":"0","image_override":[{"single_post_thumbnail_size":"crop-500","single_post_gallery_size":"crop-500"}],"trending_post":"0","trending_post_position":"meta","trending_post_label":"Trending","sponsored_post":"0","sponsored_post_label":"Sponsored by","sponsored_post_name":"","sponsored_post_url":"","sponsored_post_logo_enable":"0","sponsored_post_logo":"","sponsored_post_desc":"","disable_ad":"0"},"jnews_primary_category":{"id":""},"footnotes":""},"categories":[43,52],"tags":[110,119,118,96],"class_list":["post-79399","post","type-post","status-publish","format-standard","has-post-thumbnail","hentry","category-estado","category-gobierno-de-tlaxcala","tag-municipios","tag-seguridad","tag-ssc","tag-tlaxcala"],"aioseo_notices":[],"_links":{"self":[{"href":"https:\/\/estado29.mx\/index.php?rest_route=\/wp\/v2\/posts\/79399","targetHints":{"allow":["GET"]}}],"collection":[{"href":"https:\/\/estado29.mx\/index.php?rest_route=\/wp\/v2\/posts"}],"about":[{"href":"https:\/\/estado29.mx\/index.php?rest_route=\/wp\/v2\/types\/post"}],"author":[{"embeddable":true,"href":"https:\/\/estado29.mx\/index.php?rest_route=\/wp\/v2\/users\/4"}],"replies":[{"embeddable":true,"href":"https:\/\/estado29.mx\/index.php?rest_route=%2Fwp%2Fv2%2Fcomments&post=79399"}],"version-history":[{"count":1,"href":"https:\/\/estado29.mx\/index.php?rest_route=\/wp\/v2\/posts\/79399\/revisions"}],"predecessor-version":[{"id":79401,"href":"https:\/\/estado29.mx\/index.php?rest_route=\/wp\/v2\/posts\/79399\/revisions\/79401"}],"wp:featuredmedia":[{"embeddable":true,"href":"https:\/\/estado29.mx\/index.php?rest_route=\/wp\/v2\/media\/79400"}],"wp:attachment":[{"href":"https:\/\/estado29.mx\/index.php?rest_route=%2Fwp%2Fv2%2Fmedia&parent=79399"}],"wp:term":[{"taxonomy":"category","embeddable":true,"href":"https:\/\/estado29.mx\/index.php?rest_route=%2Fwp%2Fv2%2Fcategories&post=79399"},{"taxonomy":"post_tag","embeddable":true,"href":"https:\/\/estado29.mx\/index.php?rest_route=%2Fwp%2Fv2%2Ftags&post=79399"}],"curies":[{"name":"wp","href":"https:\/\/api.w.org\/{rel}","templated":true}]}}