{"id":79405,"date":"2022-05-30T12:14:29","date_gmt":"2022-05-30T12:14:29","guid":{"rendered":"https:\/\/estado29.mx\/?p=79405"},"modified":"2022-05-30T12:14:30","modified_gmt":"2022-05-30T12:14:30","slug":"presidira-reyna-baez-lozano-comision-permanente-del-congreso","status":"publish","type":"post","link":"https:\/\/estado29.mx\/?p=79405","title":{"rendered":"Presidir\u00e1 Reyna B\u00e1ez Lozano Comisi\u00f3n Permanente del Congreso"},"content":{"rendered":"\n<p>Del 31 de mayo al 29 de agosto.<\/p>\n\n\n\n<p>La diputada de Fuerza por M\u00e9xico Reyna B\u00e1ez Lozano presidir\u00e1 la Mesa Directiva de la Comisi\u00f3n Permanente del segundo periodo de receso del primer a\u00f1o de ejercicio legal.<\/p>\n\n\n\n<p>La legisladora fungir\u00e1 como presidenta de la Mesa Directiva del 31 de mayo al 29 de agosto, fecha en que concluyen los trabajos de la comisi\u00f3n permanente del Congreso.<\/p>\n\n\n\n<p>B\u00e1ez Lozano ejercer\u00e1 funciones de presidenta con las legisladoras Diana Torrej\u00f3n Rodr\u00edguez y Jorge Caballero Rom\u00e1n como primer y segundo secretarios, as\u00ed como con la Diputada Brenda Villantes Rodr\u00edguez quien fungir\u00e1 como vocal.<\/p>\n\n\n\n<p>Sobre su posici\u00f3n como nueva presidenta de la Comisi\u00f3n Permanente, la legisladora agradeci\u00f3 la confianza de sus compa\u00f1eros legisladores para sacar adelante los asuntos del Legislativo.<\/p>\n\n\n\n<p>Es la segunda ocasi\u00f3n durante los recesos legislativos que la diputada de Fuerza por M\u00e9xico forma parte de la comisi\u00f3n permanente, hecho que implica no haber descansado de su labor durante el primer ejercicio legal de la LXIV Legislatura.<\/p>\n\n\n\n<p>\u201cNo habr\u00e1 vacaciones, seguimos trabajando con #Fuerza por #Tlaxcala\u201d expres\u00f3 en redes sociales.<\/p>\n","protected":false},"excerpt":{"rendered":"<p>Del 31 de mayo al 29 de agosto. La diputada de Fuerza por M\u00e9xico Reyna B\u00e1ez Lozano presidir\u00e1 la Mesa Directiva de la Comisi\u00f3n Permanente del segundo periodo de receso del primer a\u00f1o de ejercicio legal. La legisladora fungir\u00e1 como presidenta de la Mesa Directiva del 31 de mayo al 29 de agosto, fecha en [&hellip;]<\/p>\n","protected":false},"author":4,"featured_media":79406,"comment_status":"open","ping_status":"open","sticky":false,"template":"","format":"standard","meta":{"om_disable_all_campaigns":false,"_monsterinsights_skip_tracking":false,"_monsterinsights_sitenote_active":false,"_monsterinsights_sitenote_note":"","_monsterinsights_sitenote_category":0,"jnews-multi-image_gallery":[],"jnews_single_post":{"subtitle":"","format":"standard","video":"","gallery":"","source_name":"","source_url":"","via_name":"","via_url":"","override_template":"0","override":[{"template":"1","single_blog_custom":"","parallax":"1","fullscreen":"1","layout":"right-sidebar","sidebar":"default-sidebar","second_sidebar":"default-sidebar","sticky_sidebar":"1","share_position":"top","share_float_style":"share-monocrhome","show_share_counter":"1","show_view_counter":"1","show_featured":"1","show_post_meta":"1","show_post_author":"1","show_post_author_image":"1","show_post_date":"1","post_date_format":"default","post_date_format_custom":"Y\/m\/d","show_post_category":"1","show_post_reading_time":"0","post_reading_time_wpm":"300","show_zoom_button":"0","zoom_button_out_step":"2","zoom_button_in_step":"3","show_post_tag":"1","show_prev_next_post":"1","show_popup_post":"1","number_popup_post":"1","show_author_box":"1","show_post_related":"0","show_inline_post_related":"0"}],"override_image_size":"0","image_override":[{"single_post_thumbnail_size":"crop-500","single_post_gallery_size":"crop-500"}],"trending_post":"0","trending_post_position":"meta","trending_post_label":"Trending","sponsored_post":"0","sponsored_post_label":"Sponsored by","sponsored_post_name":"","sponsored_post_url":"","sponsored_post_logo_enable":"0","sponsored_post_logo":"","sponsored_post_desc":"","disable_ad":"0"},"jnews_primary_category":{"id":""},"footnotes":""},"categories":[53,46],"tags":[268,172,270,269],"class_list":["post-79405","post","type-post","status-publish","format-standard","has-post-thumbnail","hentry","category-congreso","category-politica","tag-comision-permanente","tag-congreso","tag-legisladores","tag-mesa-directica"],"aioseo_notices":[],"_links":{"self":[{"href":"https:\/\/estado29.mx\/index.php?rest_route=\/wp\/v2\/posts\/79405","targetHints":{"allow":["GET"]}}],"collection":[{"href":"https:\/\/estado29.mx\/index.php?rest_route=\/wp\/v2\/posts"}],"about":[{"href":"https:\/\/estado29.mx\/index.php?rest_route=\/wp\/v2\/types\/post"}],"author":[{"embeddable":true,"href":"https:\/\/estado29.mx\/index.php?rest_route=\/wp\/v2\/users\/4"}],"replies":[{"embeddable":true,"href":"https:\/\/estado29.mx\/index.php?rest_route=%2Fwp%2Fv2%2Fcomments&post=79405"}],"version-history":[{"count":1,"href":"https:\/\/estado29.mx\/index.php?rest_route=\/wp\/v2\/posts\/79405\/revisions"}],"predecessor-version":[{"id":79407,"href":"https:\/\/estado29.mx\/index.php?rest_route=\/wp\/v2\/posts\/79405\/revisions\/79407"}],"wp:featuredmedia":[{"embeddable":true,"href":"https:\/\/estado29.mx\/index.php?rest_route=\/wp\/v2\/media\/79406"}],"wp:attachment":[{"href":"https:\/\/estado29.mx\/index.php?rest_route=%2Fwp%2Fv2%2Fmedia&parent=79405"}],"wp:term":[{"taxonomy":"category","embeddable":true,"href":"https:\/\/estado29.mx\/index.php?rest_route=%2Fwp%2Fv2%2Fcategories&post=79405"},{"taxonomy":"post_tag","embeddable":true,"href":"https:\/\/estado29.mx\/index.php?rest_route=%2Fwp%2Fv2%2Ftags&post=79405"}],"curies":[{"name":"wp","href":"https:\/\/api.w.org\/{rel}","templated":true}]}}