{"id":79462,"date":"2022-06-01T12:23:08","date_gmt":"2022-06-01T12:23:08","guid":{"rendered":"https:\/\/estado29.mx\/?p=79462"},"modified":"2022-06-01T12:23:09","modified_gmt":"2022-06-01T12:23:09","slug":"sepe-uset-finalizo-procesos-de-admision-promocion-vertical-horizontal-y-asignacion-de-horas","status":"publish","type":"post","link":"https:\/\/estado29.mx\/?p=79462","title":{"rendered":"SEPE-USET finaliz\u00f3 procesos de admisi\u00f3n, promoci\u00f3n vertical, horizontal y asignaci\u00f3n de horas"},"content":{"rendered":"\n<p>*El proceso cont\u00f3 con el respaldo de la SEP federal y del SNTE<\/p>\n\n\n\n<p>La Secretar\u00eda de Educaci\u00f3n P\u00fablica del Estado (SEPE) y la Unidad de Servicios Educativos de Tlaxcala (USET) finalizaron el proceso legal y transparente de admisi\u00f3n, promoci\u00f3n vertical, horizontal y asignaci\u00f3n de horas adicionales correspondiente al ciclo escolar 2021-2022 en beneficio de 963 maestras y maestros.<\/p>\n\n\n\n<p>Los beneficiados de la promoci\u00f3n horizontal por niveles con incentivos ciclo escolar 2021-2022 fueron 230, de los cuales 182 son mujeres y 48 hombres.<\/p>\n\n\n\n<p>En el caso de asignaci\u00f3n de horas adicionales entregaron un total de 273 horas distribuidas en los niveles de educaci\u00f3n f\u00edsica SEPE y USET, secundarias generales y secundarias t\u00e9cnicas.<\/p>\n\n\n\n<p>Para el proceso de asignaci\u00f3n de plazas definitivas de admisi\u00f3n ciclo escolar 2020-2021 fueron beneficiados 260, para el 2021-2022, 253 y para la asignaci\u00f3n de plazas definitivas del proceso de promoci\u00f3n vertical un total 148 figuras educativas.<\/p>\n\n\n\n<p>El secretario de Educaci\u00f3n, Homero Meneses Hern\u00e1ndez se\u00f1al\u00f3 que los 10 eventos cumplieron con los lineamientos establecidos por la Unidad de Sistema para la Carrera de las Maestras y los Maestros (Usicamm) de la Secretar\u00eda de Educaci\u00f3n P\u00fablica (SEP) federal, adem\u00e1s contaron con el respaldo de las secciones 31 y 55 del Sindicato Nacional de Trabajadores de la Educaci\u00f3n (SNTE) para mayor certeza a las figuras educativas.<\/p>\n\n\n\n<p>\u201cCon este proceso estamos concluyendo la asignaci\u00f3n que corresponde a este ciclo escolar, durante la presente administraci\u00f3n se realizaron 10 procesos de manera transparente con la transmisi\u00f3n en vivo por redes sociales y pudieron observar las y los maestros quienes de sus compa\u00f1eros o compa\u00f1eras resultaron beneficiados; en este gobierno, como lo comprometi\u00f3 la gobernadora Lorena Cu\u00e9llar Cisneros, estamos construyendo una nueva historia con hechos transparentes apegados a la ley\u201d, afirm\u00f3.<\/p>\n\n\n\n<p>En la sala \u201cLucio Caba\u00f1as Barrientos\u201d de oficinas centrales de la dependencia, el jefe del departamento de la Uesicamm, Alejandro Ram\u00edrez Sol\u00eds dio lectura a los lineamientos legales del \u00faltimo proceso del presente ciclo escolar que concluy\u00f3 con la asignaci\u00f3n de 16 horas a maestras y maestros de Educaci\u00f3n F\u00edsica de la USET.<\/p>\n\n\n\n<p>Los beneficiados de este \u00faltimo proceso son: Samuel Cu\u00e9llar D\u00e1vila, Cayetano Corona Meneses, Isidoro Huerta S\u00e1nchez, Fabiola Am\u00e9rica L\u00f3pez Macuil y Mario Alberto Sarabia Islas.<\/p>\n\n\n\n<p>Por su parte, el dirigente de la secci\u00f3n 31 del SNTE, Cutberto Ch\u00e1vez de la Rosa resalt\u00f3 el apoyo de la gobernadora Lorena Cu\u00e9llar Cisneros y la disposici\u00f3n Homero Meneses por beneficiar al magisterio tlaxcalteca.<\/p>\n\n\n\n<p>\u201cEstas acciones de transparencia, compromiso y entrega dan certeza a este \u00faltimo evento en el que el gobierno de Tlaxcala y la SEPE tuvieron que realizar gestiones con el gobierno federal para lograr la descompactaci\u00f3n de una clave de 16 horas y distribuirlas entre maestras y maestros a fin de lograr un beneficio mayor\u201d, mencion\u00f3.<\/p>\n\n\n\n<p>En tanto que el representante del Comit\u00e9 Ejecutivo Nacional (CEN) del SNTE, Maurinio Morales reconoci\u00f3 la justicia y transparencia del proceso que dio cumplimiento a las normas establecidas y que beneficiaron a un gran n\u00famero de maestras y maestros.<\/p>\n\n\n\n<p>En el evento tambi\u00e9n estuvo presente el director de Relaciones Laborales de la dependencia, Rafael Ba\u00f1uelos Flores; la directora de Educaci\u00f3n F\u00edsica de la USET, Blanca Estela C\u00e9sar Ba\u00f1uelos; el contralor interno de la dependencia, Julio \u00c1ngel Becerra Hern\u00e1ndez, as\u00ed como directivos y jefes de departamento de Educaci\u00f3n B\u00e1sica.<\/p>\n","protected":false},"excerpt":{"rendered":"<p>*El proceso cont\u00f3 con el respaldo de la SEP federal y del SNTE La Secretar\u00eda de Educaci\u00f3n P\u00fablica del Estado (SEPE) y la Unidad de Servicios Educativos de Tlaxcala (USET) finalizaron el proceso legal y transparente de admisi\u00f3n, promoci\u00f3n vertical, horizontal y asignaci\u00f3n de horas adicionales correspondiente al ciclo escolar 2021-2022 en beneficio de 963 [&hellip;]<\/p>\n","protected":false},"author":4,"featured_media":79463,"comment_status":"open","ping_status":"open","sticky":false,"template":"","format":"standard","meta":{"om_disable_all_campaigns":false,"_monsterinsights_skip_tracking":false,"_monsterinsights_sitenote_active":false,"_monsterinsights_sitenote_note":"","_monsterinsights_sitenote_category":0,"jnews-multi-image_gallery":[],"jnews_single_post":{"subtitle":"","format":"standard","video":"","gallery":"","source_name":"","source_url":"","via_name":"","via_url":"","override_template":"0","override":[{"template":"1","single_blog_custom":"","parallax":"1","fullscreen":"1","layout":"right-sidebar","sidebar":"default-sidebar","second_sidebar":"default-sidebar","sticky_sidebar":"1","share_position":"top","share_float_style":"share-monocrhome","show_share_counter":"1","show_view_counter":"1","show_featured":"1","show_post_meta":"1","show_post_author":"1","show_post_author_image":"1","show_post_date":"1","post_date_format":"default","post_date_format_custom":"Y\/m\/d","show_post_category":"1","show_post_reading_time":"0","post_reading_time_wpm":"300","show_zoom_button":"0","zoom_button_out_step":"2","zoom_button_in_step":"3","show_post_tag":"1","show_prev_next_post":"1","show_popup_post":"1","number_popup_post":"1","show_author_box":"1","show_post_related":"0","show_inline_post_related":"0"}],"override_image_size":"0","image_override":[{"single_post_thumbnail_size":"crop-500","single_post_gallery_size":"crop-500"}],"trending_post":"0","trending_post_position":"meta","trending_post_label":"Trending","sponsored_post":"0","sponsored_post_label":"Sponsored by","sponsored_post_name":"","sponsored_post_url":"","sponsored_post_logo_enable":"0","sponsored_post_logo":"","sponsored_post_desc":"","disable_ad":"0"},"jnews_primary_category":{"id":""},"footnotes":""},"categories":[43,52,47],"tags":[277,150,286,284,285],"class_list":["post-79462","post","type-post","status-publish","format-standard","has-post-thumbnail","hentry","category-estado","category-gobierno-de-tlaxcala","category-municipios","tag-educacion-3","tag-gobierno-del-estado","tag-sep","tag-sepe","tag-uset"],"aioseo_notices":[],"_links":{"self":[{"href":"https:\/\/estado29.mx\/index.php?rest_route=\/wp\/v2\/posts\/79462","targetHints":{"allow":["GET"]}}],"collection":[{"href":"https:\/\/estado29.mx\/index.php?rest_route=\/wp\/v2\/posts"}],"about":[{"href":"https:\/\/estado29.mx\/index.php?rest_route=\/wp\/v2\/types\/post"}],"author":[{"embeddable":true,"href":"https:\/\/estado29.mx\/index.php?rest_route=\/wp\/v2\/users\/4"}],"replies":[{"embeddable":true,"href":"https:\/\/estado29.mx\/index.php?rest_route=%2Fwp%2Fv2%2Fcomments&post=79462"}],"version-history":[{"count":1,"href":"https:\/\/estado29.mx\/index.php?rest_route=\/wp\/v2\/posts\/79462\/revisions"}],"predecessor-version":[{"id":79464,"href":"https:\/\/estado29.mx\/index.php?rest_route=\/wp\/v2\/posts\/79462\/revisions\/79464"}],"wp:featuredmedia":[{"embeddable":true,"href":"https:\/\/estado29.mx\/index.php?rest_route=\/wp\/v2\/media\/79463"}],"wp:attachment":[{"href":"https:\/\/estado29.mx\/index.php?rest_route=%2Fwp%2Fv2%2Fmedia&parent=79462"}],"wp:term":[{"taxonomy":"category","embeddable":true,"href":"https:\/\/estado29.mx\/index.php?rest_route=%2Fwp%2Fv2%2Fcategories&post=79462"},{"taxonomy":"post_tag","embeddable":true,"href":"https:\/\/estado29.mx\/index.php?rest_route=%2Fwp%2Fv2%2Ftags&post=79462"}],"curies":[{"name":"wp","href":"https:\/\/api.w.org\/{rel}","templated":true}]}}