{"id":79488,"date":"2022-06-01T12:50:24","date_gmt":"2022-06-01T12:50:24","guid":{"rendered":"https:\/\/estado29.mx\/?p=79488"},"modified":"2022-06-01T12:50:25","modified_gmt":"2022-06-01T12:50:25","slug":"impulsa-sedif-la-inclusion-laboral-con-feria-del-empleo-para-personas-con-discapacidad","status":"publish","type":"post","link":"https:\/\/estado29.mx\/?p=79488","title":{"rendered":"Impulsa SEDIF la inclusi\u00f3n laboral con feria del empleo para personas con discapacidad."},"content":{"rendered":"\n<p>*Se ofertaron 96 plazas laborales para auxiliares, personal operativo, vigilantes, ayudantes generales, auxiliar de limpieza, cajeros y auxiliares de piso<\/p>\n\n\n\n<p>El Sistema Estatal para el Desarrollo Integral de la Familia (Sedif) promueve la inclusi\u00f3n laboral con la primera Feria del Empleo para Personas con Discapacidad, en la que participaron 12 empresas de diferentes giros ubicadas en territorio tlaxcalteca, las cuales ofrecieron 96 plazas laborales formales.<\/p>\n\n\n\n<p>Dicho evento se llev\u00f3 a cabo en coordinaci\u00f3n con la Secretar\u00eda del Trabajo y Competitividad (STyC) y el Servicio Nacional del Empleo (SNE), en el que hubo vacantes para personas con discapacidad en diferentes \u00e1reas como vigilantes, asesores de venta en l\u00ednea, auxiliar multifuncional, ayudantes generales, ensamblador, ingeniero en manufactura, auxiliar de limpieza, vendedor de telefon\u00eda, operador de costura, cajero y auxiliar de piso, entre otras.<\/p>\n\n\n\n<p>La inauguraci\u00f3n de la primera Feria del Empleo para Personas con Discapacidad estuvo a cargo de la presidenta honor\u00edfica del Sistema Estatal DIF, Mariana Espinosa de los Monteros Cu\u00e9llar, acompa\u00f1ada de la directora general, Flor de Mar\u00eda L\u00f3pez Hinojosa y del jefe del Departamento de Atenci\u00f3n a Personas con Discapacidad del Sedif, Israel Hern\u00e1ndez Carrillo.<\/p>\n\n\n\n<p>En su mensaje, Espinosa de los Monteros destac\u00f3 que en M\u00e9xico el 10 por ciento de la poblaci\u00f3n enfrenta alguna discapacidad temporal o permanente, mientras que en Tlaxcala el 15 por ciento de la poblaci\u00f3n tiene alg\u00fan tipo de discapacidad, de ah\u00ed la importancia de apoyar a este sector de la poblaci\u00f3n, crear conciencia y ser incluyentes porque \u201cno sabemos cu\u00e1ndo nos puede tocar a nosotros, no estamos exentos de sufrir alguna discapacidad temporal o permanente\u201d.<\/p>\n\n\n\n<p>\u201cPor eso hay que seguir tocando puertas y abrir m\u00e1s corazones, que \u00e9sta sea una de muchas ferias del empleo incluyente, debemos seguir tocando puertas juntos para que esto llegue a todos los rincones del estado y entonces verdaderamente podamos decir que para Tlaxcala ha llegado una nueva historia para nuestra poblaci\u00f3n por ser un estado incluyente, que as\u00ed sea\u201d, sentenci\u00f3.<\/p>\n\n\n\n<p>En su oportunidad, el secretario del Trabajo y Competitividad, Ignacio L\u00f3pez S\u00e1nchez dio a conocer que en esta primera feria de la inclusi\u00f3n laboral participaron 12 empresas de diferentes ramos con 96 vacantes para que personas con discapacidad tenga acceso a un trabajo remunerado, formal y digno.<\/p>\n\n\n\n<p>\u201cSe pudo convocar a un grupo de empresas que tienen un gran compromiso social con Tlaxcala y con M\u00e9xico, que suman su quehacer a la tarea noble que est\u00e1 impulsando el Sedif, la Secretar\u00eda del Trabajo y Competitividad y el Sistema Nacional del Empleo, en este d\u00eda culminamos un mes de actividades que estuvimos realizando a partir del 1 de mayo, D\u00eda del Trabajo, y hoy cerramos con broche de oro con esta primera Feria del Empleo para Personas con Discapacidad\u201d, subray\u00f3 L\u00f3pez S\u00e1nchez.<\/p>\n\n\n\n<p>Al respecto, la titular en Tlaxcala del Servicio Nacional del Empleo (SNE), Azalia Cort\u00e9s Garc\u00eda agreg\u00f3 que esta feria marca la inclusi\u00f3n verdadera de las personas con discapacidad, porque son personas capaces, fuertes y responsables que pueden ocupar cualquier puesto en las empresas del estado de Tlaxcala. Mencion\u00f3 que las vacantes que hoy se ofertaron fueron no solo para operarios sino tambi\u00e9n para profesionistas.<\/p>\n","protected":false},"excerpt":{"rendered":"<p>*Se ofertaron 96 plazas laborales para auxiliares, personal operativo, vigilantes, ayudantes generales, auxiliar de limpieza, cajeros y auxiliares de piso El Sistema Estatal para el Desarrollo Integral de la Familia (Sedif) promueve la inclusi\u00f3n laboral con la primera Feria del Empleo para Personas con Discapacidad, en la que participaron 12 empresas de diferentes giros ubicadas [&hellip;]<\/p>\n","protected":false},"author":4,"featured_media":79489,"comment_status":"open","ping_status":"open","sticky":false,"template":"","format":"standard","meta":{"om_disable_all_campaigns":false,"_monsterinsights_skip_tracking":false,"_monsterinsights_sitenote_active":false,"_monsterinsights_sitenote_note":"","_monsterinsights_sitenote_category":0,"jnews-multi-image_gallery":[],"jnews_single_post":{"subtitle":"","format":"standard","video":"","gallery":"","source_name":"","source_url":"","via_name":"","via_url":"","override_template":"0","override":[{"template":"1","single_blog_custom":"","parallax":"1","fullscreen":"1","layout":"right-sidebar","sidebar":"default-sidebar","second_sidebar":"default-sidebar","sticky_sidebar":"1","share_position":"top","share_float_style":"share-monocrhome","show_share_counter":"1","show_view_counter":"1","show_featured":"1","show_post_meta":"1","show_post_author":"1","show_post_author_image":"1","show_post_date":"1","post_date_format":"default","post_date_format_custom":"Y\/m\/d","show_post_category":"1","show_post_reading_time":"0","post_reading_time_wpm":"300","show_zoom_button":"0","zoom_button_out_step":"2","zoom_button_in_step":"3","show_post_tag":"1","show_prev_next_post":"1","show_popup_post":"1","number_popup_post":"1","show_author_box":"1","show_post_related":"0","show_inline_post_related":"0"}],"override_image_size":"0","image_override":[{"single_post_thumbnail_size":"crop-500","single_post_gallery_size":"crop-500"}],"trending_post":"0","trending_post_position":"meta","trending_post_label":"Trending","sponsored_post":"0","sponsored_post_label":"Sponsored by","sponsored_post_name":"","sponsored_post_url":"","sponsored_post_logo_enable":"0","sponsored_post_logo":"","sponsored_post_desc":"","disable_ad":"0"},"jnews_primary_category":{"id":""},"footnotes":""},"categories":[43,52,47],"tags":[255,150,110,121],"class_list":["post-79488","post","type-post","status-publish","format-standard","has-post-thumbnail","hentry","category-estado","category-gobierno-de-tlaxcala","category-municipios","tag-empleo","tag-gobierno-del-estado","tag-municipios","tag-sedif"],"aioseo_notices":[],"_links":{"self":[{"href":"https:\/\/estado29.mx\/index.php?rest_route=\/wp\/v2\/posts\/79488","targetHints":{"allow":["GET"]}}],"collection":[{"href":"https:\/\/estado29.mx\/index.php?rest_route=\/wp\/v2\/posts"}],"about":[{"href":"https:\/\/estado29.mx\/index.php?rest_route=\/wp\/v2\/types\/post"}],"author":[{"embeddable":true,"href":"https:\/\/estado29.mx\/index.php?rest_route=\/wp\/v2\/users\/4"}],"replies":[{"embeddable":true,"href":"https:\/\/estado29.mx\/index.php?rest_route=%2Fwp%2Fv2%2Fcomments&post=79488"}],"version-history":[{"count":1,"href":"https:\/\/estado29.mx\/index.php?rest_route=\/wp\/v2\/posts\/79488\/revisions"}],"predecessor-version":[{"id":79490,"href":"https:\/\/estado29.mx\/index.php?rest_route=\/wp\/v2\/posts\/79488\/revisions\/79490"}],"wp:featuredmedia":[{"embeddable":true,"href":"https:\/\/estado29.mx\/index.php?rest_route=\/wp\/v2\/media\/79489"}],"wp:attachment":[{"href":"https:\/\/estado29.mx\/index.php?rest_route=%2Fwp%2Fv2%2Fmedia&parent=79488"}],"wp:term":[{"taxonomy":"category","embeddable":true,"href":"https:\/\/estado29.mx\/index.php?rest_route=%2Fwp%2Fv2%2Fcategories&post=79488"},{"taxonomy":"post_tag","embeddable":true,"href":"https:\/\/estado29.mx\/index.php?rest_route=%2Fwp%2Fv2%2Ftags&post=79488"}],"curies":[{"name":"wp","href":"https:\/\/api.w.org\/{rel}","templated":true}]}}