{"id":79491,"date":"2022-06-01T12:52:19","date_gmt":"2022-06-01T12:52:19","guid":{"rendered":"https:\/\/estado29.mx\/?p=79491"},"modified":"2022-06-01T12:52:19","modified_gmt":"2022-06-01T12:52:19","slug":"entrego-imss-y-gobierno-de-tlaxcala-300-bases-a-personal-medico-y-de-enfermeria-del-programa-imss-bienestar","status":"publish","type":"post","link":"https:\/\/estado29.mx\/?p=79491","title":{"rendered":"Entreg\u00f3 IMSS y gobierno de Tlaxcala 300 bases a personal m\u00e9dico y de enfermer\u00eda del programa IMSS-BIENESTAR."},"content":{"rendered":"\n<p>*Las plazas de trabajo fueron otorgadas a 88 m\u00e9dicos generales, 15 m\u00e9dicos no familiares, 139 auxiliares de enfermer\u00eda y 58 enfermeras generales<\/p>\n\n\n\n<p>La gobernadora Lorena Cu\u00e9llar Cisneros y el director general del Instituto Mexicano del Seguro Social (IMSS), Zo\u00e9 Robledo, entregaron oficialmente 300 plazas de trabajo a personal m\u00e9dico y de enfermer\u00eda que cumplieron con el proceso para integrarse al Programa IMSS-Bienestar.<\/p>\n\n\n\n<p>Las bases fueron otorgadas a 88 m\u00e9dicos generales, 15 m\u00e9dicos no familiares, 139 auxiliares de enfermer\u00eda y 58 enfermeras generales.<\/p>\n\n\n\n<p>El evento fue realizado en el Centro de Convenciones de la ciudad capital, ah\u00ed la mandataria mencion\u00f3 que este d\u00eda es de gran relevancia para la salud en Tlaxcala y fue posible gracias al trabajo coordinado entre la Federaci\u00f3n y el estado.<\/p>\n\n\n\n<p>Sobre todo, agradeci\u00f3 a los profesionales de la salud por confiar en este nuevo modelo que tiene por objetivo garantizar una atenci\u00f3n de calidad y gratuita a las personas que menos tienen y con el que adem\u00e1s se reconoce su esfuerzo durante los momentos cr\u00edticos como fue el caso de la pandemia del Covid-19.<\/p>\n\n\n\n<p>\u201cEsta oportunidad laboral no es gracias a la casualidad, es gracias a su compromiso, esfuerzo y entrega, ustedes son tambi\u00e9n para nosotros una gran responsabilidad, que tengan una fuente de ingresos segura para sus hogares porque eso les da estabilidad emocional, confianza (\u2026) y que todos los d\u00edas puedan poner su amor, su compromiso, para atender a quienes m\u00e1s nos necesitan\u201d, subray\u00f3.<\/p>\n\n\n\n<p>En su mensaje, Zo\u00e9 Robledo resalt\u00f3 que se trata de un hecho hist\u00f3rico porque se cumple el prop\u00f3sito del presidente Andr\u00e9s Manuel L\u00f3pez Obrador de generar un estado de bienestar.<\/p>\n\n\n\n<p>Al mismo tiempo, reconoci\u00f3 el compromiso y la voluntad de Cu\u00e9llar Cisneros para sumarse al proceso de federalizaci\u00f3n de los servicios de salud.<\/p>\n\n\n\n<p>\u201cPor qu\u00e9 digo que va a ser la mejor gobernadora, primero porque est\u00e1 en su lucha, en su historia, todos los principios de la Cuarta Transformaci\u00f3n, y estos tienen que ver con tener la sensibilidad de atender a todo el pueblo de Tlaxcala, pero con prioridad a quien m\u00e1s lo necesita\u201d, resalt\u00f3.<\/p>\n\n\n\n<p>Al dirigirse a los 300 hombres y mujeres que desde ahora forman parte del IMSS-Bienestar, el director del instituto expres\u00f3 que nadie puede contraponerse a su decisi\u00f3n de contar con estabilidad laboral y velar por la salud de las personas m\u00e1s vulnerables.<\/p>\n\n\n\n<p>\u201cNadie puede oponerse a que tengan mejores oportunidades, a que puedan ejercer sus saberes, experiencias, su talento en sanar a las personas que menos tienen, que nadie que est\u00e9 libre de intereses puede oponerse a que la historia de la salud en Tlaxcala con la historia del gobierno de Lorena Cu\u00e9llar Cisneros sea una historia de \u00e9xito, de much\u00edsima esperanza\u201d, apunt\u00f3.<\/p>\n\n\n\n<p>Antes, el titular de la Coordinaci\u00f3n de Unidades de Primer Nivel del IMSS, Jos\u00e9 Manuel Cervantes Ocampo detall\u00f3 que paralelo a este evento ya existe presencia del personal de salud en 10 hospitales y centros de salud.<\/p>\n\n\n\n<p>En nombre de los trabajadores de la salud que laboraron hasta por 13 a\u00f1os de manera eventual y este d\u00eda recibieron su base, la enfermera Leticia Ortega S\u00e1nchez y el m\u00e9dico anestesi\u00f3logo, Jos\u00e9 Rigoberto Romero Arroyo, agradecieron la acci\u00f3n de los gobiernos federal y estatal por regularizar su situaci\u00f3n.<\/p>\n\n\n\n<p>Se comprometieron a poner todo su empe\u00f1o en sus labores diarias, as\u00ed como brindar una atenci\u00f3n digna y con calidad a toda la poblaci\u00f3n tlaxcalteca.<\/p>\n\n\n\n<p>Durante el acto, las autoridades entregaron simb\u00f3licamente 10 plazas a Luz Mar\u00eda S\u00e1nchez Esc\u00e1rcega, Magdalena Hern\u00e1ndez Carrillo, Malleli Ju\u00e1rez S\u00e1nchez, Araceli Ju\u00e1rez Zamora, Leticia Ortega S\u00e1nchez, Juan Carlos Cuayahuitl D\u00edaz, Liliana Ram\u00edrez Pedre\u00f1an, Sebasti\u00e1n V\u00e1zquez L\u00f3pez, Elizabeth Garc\u00eda Jim\u00e9nez y Jos\u00e9 Rigoberto Romero Arroyo.<\/p>\n\n\n\n<p>A este evento asistieron los secretarios de Gobierno, Sergio Gonz\u00e1lez Hern\u00e1ndez y de Salud, Rigoberto Zamudio Meneses; la magistrada presidenta del Tribunal Superior de Justicia del Estado (TSJE), Mary Cruz Cort\u00e9s Ornelas y la presidenta de la Mesa Directiva de la Comisi\u00f3n Permanente del Congreso local, Reyna Flor B\u00e1ez Lozano.<\/p>\n\n\n\n<p>Tambi\u00e9n, la titular del Programa IMSS-Bienestar, Gisela Lara Salda\u00f1a; los titulares del \u00d3rgano de Operaci\u00f3n Administrativa Desconcentrada (OOAD) del IMSS en la entidad, Julio Guti\u00e9rrez M\u00e9ndez y de la Unidad de Personal Trabajadores que recibir\u00e1n base IMSS-Bienestar, Alejandro Mart\u00ednez Marquina; as\u00ed como el secretario general del Sindicato Nacional de Trabajadores del Seguro Social (SNTSS), secci\u00f3n XXX Tlaxcala, Jorge Luis Puebla Maldonado.<\/p>\n\n\n\n<p>De igual forma, magistrados, empresarios, diputados locales, el gabinete legal y ampliado del gobierno estatal y presidentes municipales.<\/p>\n","protected":false},"excerpt":{"rendered":"<p>*Las plazas de trabajo fueron otorgadas a 88 m\u00e9dicos generales, 15 m\u00e9dicos no familiares, 139 auxiliares de enfermer\u00eda y 58 enfermeras generales La gobernadora Lorena Cu\u00e9llar Cisneros y el director general del Instituto Mexicano del Seguro Social (IMSS), Zo\u00e9 Robledo, entregaron oficialmente 300 plazas de trabajo a personal m\u00e9dico y de enfermer\u00eda que cumplieron con [&hellip;]<\/p>\n","protected":false},"author":4,"featured_media":79492,"comment_status":"open","ping_status":"open","sticky":false,"template":"","format":"standard","meta":{"om_disable_all_campaigns":false,"_monsterinsights_skip_tracking":false,"_monsterinsights_sitenote_active":false,"_monsterinsights_sitenote_note":"","_monsterinsights_sitenote_category":0,"jnews-multi-image_gallery":[],"jnews_single_post":{"subtitle":"","format":"standard","video":"","gallery":"","source_name":"","source_url":"","via_name":"","via_url":"","override_template":"0","override":[{"template":"1","single_blog_custom":"","parallax":"1","fullscreen":"1","layout":"right-sidebar","sidebar":"default-sidebar","second_sidebar":"default-sidebar","sticky_sidebar":"1","share_position":"top","share_float_style":"share-monocrhome","show_share_counter":"1","show_view_counter":"1","show_featured":"1","show_post_meta":"1","show_post_author":"1","show_post_author_image":"1","show_post_date":"1","post_date_format":"default","post_date_format_custom":"Y\/m\/d","show_post_category":"1","show_post_reading_time":"0","post_reading_time_wpm":"300","show_zoom_button":"0","zoom_button_out_step":"2","zoom_button_in_step":"3","show_post_tag":"1","show_prev_next_post":"1","show_popup_post":"1","number_popup_post":"1","show_author_box":"1","show_post_related":"0","show_inline_post_related":"0"}],"override_image_size":"0","image_override":[{"single_post_thumbnail_size":"crop-500","single_post_gallery_size":"crop-500"}],"trending_post":"0","trending_post_position":"meta","trending_post_label":"Trending","sponsored_post":"0","sponsored_post_label":"Sponsored by","sponsored_post_name":"","sponsored_post_url":"","sponsored_post_logo_enable":"0","sponsored_post_logo":"","sponsored_post_desc":"","disable_ad":"0"},"jnews_primary_category":{"id":""},"footnotes":""},"categories":[52],"tags":[110,96],"class_list":["post-79491","post","type-post","status-publish","format-standard","has-post-thumbnail","hentry","category-gobierno-de-tlaxcala","tag-municipios","tag-tlaxcala"],"aioseo_notices":[],"_links":{"self":[{"href":"https:\/\/estado29.mx\/index.php?rest_route=\/wp\/v2\/posts\/79491","targetHints":{"allow":["GET"]}}],"collection":[{"href":"https:\/\/estado29.mx\/index.php?rest_route=\/wp\/v2\/posts"}],"about":[{"href":"https:\/\/estado29.mx\/index.php?rest_route=\/wp\/v2\/types\/post"}],"author":[{"embeddable":true,"href":"https:\/\/estado29.mx\/index.php?rest_route=\/wp\/v2\/users\/4"}],"replies":[{"embeddable":true,"href":"https:\/\/estado29.mx\/index.php?rest_route=%2Fwp%2Fv2%2Fcomments&post=79491"}],"version-history":[{"count":1,"href":"https:\/\/estado29.mx\/index.php?rest_route=\/wp\/v2\/posts\/79491\/revisions"}],"predecessor-version":[{"id":79493,"href":"https:\/\/estado29.mx\/index.php?rest_route=\/wp\/v2\/posts\/79491\/revisions\/79493"}],"wp:featuredmedia":[{"embeddable":true,"href":"https:\/\/estado29.mx\/index.php?rest_route=\/wp\/v2\/media\/79492"}],"wp:attachment":[{"href":"https:\/\/estado29.mx\/index.php?rest_route=%2Fwp%2Fv2%2Fmedia&parent=79491"}],"wp:term":[{"taxonomy":"category","embeddable":true,"href":"https:\/\/estado29.mx\/index.php?rest_route=%2Fwp%2Fv2%2Fcategories&post=79491"},{"taxonomy":"post_tag","embeddable":true,"href":"https:\/\/estado29.mx\/index.php?rest_route=%2Fwp%2Fv2%2Ftags&post=79491"}],"curies":[{"name":"wp","href":"https:\/\/api.w.org\/{rel}","templated":true}]}}