{"id":79612,"date":"2022-06-07T07:47:00","date_gmt":"2022-06-07T07:47:00","guid":{"rendered":"https:\/\/estado29.mx\/?p=79612"},"modified":"2022-06-07T12:51:56","modified_gmt":"2022-06-07T12:51:56","slug":"autoridades-suman-esfuerzos-en-pro-de-la-calidad-de-vida-de-los-sectores-mas-vulnerables-en-la-entidad","status":"publish","type":"post","link":"https:\/\/estado29.mx\/?p=79612","title":{"rendered":"Autoridades suman  esfuerzos en pro de la calidad de vida de los sectores m\u00e1s vulnerables en la entidad"},"content":{"rendered":"\n<p>*La universalidad en Tlaxcala del Programa de Apoyo Econ\u00f3mico para Personas con Discapacidad es uno de los primeros esquemas que trabajar\u00e1n en conjunto<\/p>\n\n\n\n<p>La Secretar\u00eda de Bienestar de Tlaxcala y la delegaci\u00f3n de Programas para el Desarrollo en el estado firmaron convenio de colaboraci\u00f3n para conjuntar esfuerzos, ampliar acciones y definir estrategias de pol\u00edtica social que impulsen el desarrollo de la entidad.<\/p>\n\n\n\n<p>La secretaria de Bienestar de Tlaxcala, Mar\u00eda Estela \u00c1lvarez Corona destac\u00f3 que la prioridad de la gobernadora Lorena Cu\u00e9llar Cisneros, es generar mejores condiciones de vida en beneficio de la poblaci\u00f3n m\u00e1s vulnerable de la entidad, pues \u201cella ha trabajado a lo largo de su trayectoria pol\u00edtica para atender a la gente que m\u00e1s lo necesita, de forma honesta y justa para que los recursos sean destinados a hacer un cambio y generar una nueva historia en Tlaxcala\u201d.<\/p>\n\n\n\n<p>La funcionaria estatal expuso que el convenio de colaboraci\u00f3n permitir\u00e1 focalizar estrategias que contribuyan al abatimiento de la incidencia de carencias sociales y mejorar el bienestar de la poblaci\u00f3n en condiciones de pobreza, vulnerabilidad, rezago y marginaci\u00f3n.<\/p>\n\n\n\n<p>Muestra de este trabajo coordinado es la universalidad en Tlaxcala del Programa de Apoyo Econ\u00f3mico para Personas con Discapacidad, el cual trabajar\u00e1n de manera colaborativa, al tiempo que se fomentar\u00e1 que las y los servidores p\u00fablicos involucrados en la operaci\u00f3n del programa, promuevan, respeten, protejan y garanticen el ejercicio efectivo de los derechos humanos de las y los beneficiarios, de conformidad con los principios de universalidad, interdependencia, indivisibilidad y progresividad, brindando en todo momento un trato digno y de respeto a las personas con apego a los criterios de igualdad y no discriminaci\u00f3n.<\/p>\n\n\n\n<p>Posteriormente, el delegado de los Programas para el Desarrollo en el Estado de Tlaxcala, Carlos Luna V\u00e1zquez agradeci\u00f3 la suma de voluntades y esfuerzos del gobierno estatal para ampliar los beneficios en materia de bienestar social para m\u00e1s personas, en apego a la pol\u00edtica social que impulsa el presidente Andr\u00e9s Manuel L\u00f3pez Obrador.<\/p>\n\n\n\n<p>La presidenta honor\u00edfica del Comit\u00e9 Consultivo de Bienestar y Desarrollo Social, Mar\u00eda Fernanda Espinosa de los Monteros Cu\u00e9llar firm\u00f3 como testigo de honor este instrumento de colaboraci\u00f3n.<\/p>\n","protected":false},"excerpt":{"rendered":"<p>*La universalidad en Tlaxcala del Programa de Apoyo Econ\u00f3mico para Personas con Discapacidad es uno de los primeros esquemas que trabajar\u00e1n en conjunto La Secretar\u00eda de Bienestar de Tlaxcala y la delegaci\u00f3n de Programas para el Desarrollo en el estado firmaron convenio de colaboraci\u00f3n para conjuntar esfuerzos, ampliar acciones y definir estrategias de pol\u00edtica social [&hellip;]<\/p>\n","protected":false},"author":4,"featured_media":79613,"comment_status":"open","ping_status":"open","sticky":false,"template":"","format":"standard","meta":{"om_disable_all_campaigns":false,"_monsterinsights_skip_tracking":false,"_monsterinsights_sitenote_active":false,"_monsterinsights_sitenote_note":"","_monsterinsights_sitenote_category":0,"jnews-multi-image_gallery":[],"jnews_single_post":{"subtitle":"","format":"standard","video":"","gallery":"","source_name":"","source_url":"","via_name":"","via_url":"","override_template":"0","override":[{"template":"1","single_blog_custom":"","parallax":"1","fullscreen":"1","layout":"right-sidebar","sidebar":"default-sidebar","second_sidebar":"default-sidebar","sticky_sidebar":"1","share_position":"top","share_float_style":"share-monocrhome","show_share_counter":"1","show_view_counter":"1","show_featured":"1","show_post_meta":"1","show_post_author":"1","show_post_author_image":"1","show_post_date":"1","post_date_format":"default","post_date_format_custom":"Y\/m\/d","show_post_category":"1","show_post_reading_time":"0","post_reading_time_wpm":"300","show_zoom_button":"0","zoom_button_out_step":"2","zoom_button_in_step":"3","show_post_tag":"1","show_prev_next_post":"1","show_popup_post":"1","number_popup_post":"1","show_author_box":"1","show_post_related":"0","show_inline_post_related":"0"}],"override_image_size":"0","image_override":[{"single_post_thumbnail_size":"crop-500","single_post_gallery_size":"crop-500"}],"trending_post":"0","trending_post_position":"meta","trending_post_label":"Trending","sponsored_post":"0","sponsored_post_label":"Sponsored by","sponsored_post_name":"","sponsored_post_url":"","sponsored_post_logo_enable":"0","sponsored_post_logo":"","sponsored_post_desc":"","disable_ad":"0"},"jnews_primary_category":{"id":""},"footnotes":""},"categories":[52,47,67],"tags":[150,110,283],"class_list":["post-79612","post","type-post","status-publish","format-standard","has-post-thumbnail","hentry","category-gobierno-de-tlaxcala","category-municipios","category-tlaxcala","tag-gobierno-del-estado","tag-municipios","tag-secretaria-del-bienestar"],"aioseo_notices":[],"_links":{"self":[{"href":"https:\/\/estado29.mx\/index.php?rest_route=\/wp\/v2\/posts\/79612","targetHints":{"allow":["GET"]}}],"collection":[{"href":"https:\/\/estado29.mx\/index.php?rest_route=\/wp\/v2\/posts"}],"about":[{"href":"https:\/\/estado29.mx\/index.php?rest_route=\/wp\/v2\/types\/post"}],"author":[{"embeddable":true,"href":"https:\/\/estado29.mx\/index.php?rest_route=\/wp\/v2\/users\/4"}],"replies":[{"embeddable":true,"href":"https:\/\/estado29.mx\/index.php?rest_route=%2Fwp%2Fv2%2Fcomments&post=79612"}],"version-history":[{"count":1,"href":"https:\/\/estado29.mx\/index.php?rest_route=\/wp\/v2\/posts\/79612\/revisions"}],"predecessor-version":[{"id":79614,"href":"https:\/\/estado29.mx\/index.php?rest_route=\/wp\/v2\/posts\/79612\/revisions\/79614"}],"wp:featuredmedia":[{"embeddable":true,"href":"https:\/\/estado29.mx\/index.php?rest_route=\/wp\/v2\/media\/79613"}],"wp:attachment":[{"href":"https:\/\/estado29.mx\/index.php?rest_route=%2Fwp%2Fv2%2Fmedia&parent=79612"}],"wp:term":[{"taxonomy":"category","embeddable":true,"href":"https:\/\/estado29.mx\/index.php?rest_route=%2Fwp%2Fv2%2Fcategories&post=79612"},{"taxonomy":"post_tag","embeddable":true,"href":"https:\/\/estado29.mx\/index.php?rest_route=%2Fwp%2Fv2%2Ftags&post=79612"}],"curies":[{"name":"wp","href":"https:\/\/api.w.org\/{rel}","templated":true}]}}