{"id":79833,"date":"2022-06-15T12:35:17","date_gmt":"2022-06-15T12:35:17","guid":{"rendered":"https:\/\/estado29.mx\/?p=79833"},"modified":"2022-06-15T12:35:18","modified_gmt":"2022-06-15T12:35:18","slug":"prepara-cepc-trabajo-interinstitucional-por-temporada-de-lluvias","status":"publish","type":"post","link":"https:\/\/estado29.mx\/?p=79833","title":{"rendered":"Prepara CEPC trabajo interinstitucional por temporada de lluvias."},"content":{"rendered":"\n<p>*Se ha hecho revisi\u00f3n y actualizaci\u00f3n de las acciones de prevenci\u00f3n, respuesta y recuperaci\u00f3n ante fen\u00f3menos hidrometeorol\u00f3gicos<\/p>\n\n\n\n<p>A trav\u00e9s de acciones preventivas y de auxilio destinadas a proteger y salvaguardar a los tlaxcaltecas, sus bienes y el medio ambiente durante la temporada de lluvias y ciclones 2022, la Coordinaci\u00f3n Estatal de Protecci\u00f3n Civil (CEPC), la Secretar\u00eda de la Defensa Nacional (Sedena), Guardia Nacional (GN) y Secretar\u00eda de Seguridad Ciudadana (SSC), informaron que se encuentran preparadas para las eventualidades que implica esta \u00e9poca del a\u00f1o.<\/p>\n\n\n\n<p>En conferencia de prensa, los titulares de las dependencias involucradas comentaron que durante la temporada de huracanes, que abarca de mayo a noviembre, se tienen contemplados ciertos riesgos que pueden llegar a ser una amenaza a la vida normal de los habitantes del estado; por tal motivo, la CEPC realiza trabajos de revisi\u00f3n y actualizaci\u00f3n a las acciones de prevenci\u00f3n, respuesta y recuperaci\u00f3n de este tipo de fen\u00f3menos hidrometeorol\u00f3gicos.<\/p>\n\n\n\n<p>El coordinador de Protecci\u00f3n Civil, Juvencio Nieto Galicia se\u00f1al\u00f3 que estas tareas est\u00e1n basadas en la organizaci\u00f3n de las dependencias, como Sedena, GN y SSC, adem\u00e1s de la vinculaci\u00f3n con los sectores privado, social y otras instituciones p\u00fablicas federales encargadas del desarrollo de actividades similares como la Secretar\u00eda de Salud (SSA), la Comisi\u00f3n Federal de Electricidad (CFE) o la Comisi\u00f3n Nacional del Agua (Conagua), para identificar y reaccionar de la mejor manera en caso de tener una emergencia clim\u00e1tica.<\/p>\n\n\n\n<p>Nieto Galicia se\u00f1al\u00f3 que \u201chemos detectado algunas zonas de riesgo para las familias que se encuentran aleda\u00f1as a las cuecas de r\u00edos o cerca de algunas lagunas, hemos hecho recorridos en conjunto con Conagua, por lo que estamos pendientes d\u00eda, ma\u00f1ana y noche, y de ser necesario desplegar en conjunto la fuerza de reacci\u00f3n, por lo que tambi\u00e9n estamos preparados para ello\u201d.<\/p>\n\n\n\n<p>Ante un siniestro, Nieto Galicia explic\u00f3 que los implementos y suministros que se tienen son suficientes, sin desestimar que toda ayuda es importante, ya sea en insumos o en ayuda humanitaria. Hasta este momento se tienen contempladas todas las provisiones necesarias para hacer frente a una eventualidad.<\/p>\n\n\n\n<p>\u201cEn nuestra Red Municipal de Protecci\u00f3n Civil se han capacitado a m\u00e1s de mil 800 personas con diversos cursos de respuesta y acci\u00f3n, para que la gente que se encuentra como primer respondiente, sepa c\u00f3mo actuar y atender adecuadamente una<br>emergencia\u201d, indic\u00f3.<\/p>\n\n\n\n<p>Por \u00faltimo, la CEPC exhorta a los ciudadanos a que si por alguna raz\u00f3n observan alg\u00fan riesgo en su patrimonio o familia, no duden en comunicarse a los n\u00fameros telef\u00f3nicos (246) 462 1725 y (246) 462 5479 para la supervisi\u00f3n y prevenci\u00f3n, y en caso de tener alguna emergencia de tipo hidrometeorol\u00f3gico llame al 911 para su atenci\u00f3n.<\/p>\n","protected":false},"excerpt":{"rendered":"<p>*Se ha hecho revisi\u00f3n y actualizaci\u00f3n de las acciones de prevenci\u00f3n, respuesta y recuperaci\u00f3n ante fen\u00f3menos hidrometeorol\u00f3gicos A trav\u00e9s de acciones preventivas y de auxilio destinadas a proteger y salvaguardar a los tlaxcaltecas, sus bienes y el medio ambiente durante la temporada de lluvias y ciclones 2022, la Coordinaci\u00f3n Estatal de Protecci\u00f3n Civil (CEPC), la [&hellip;]<\/p>\n","protected":false},"author":4,"featured_media":79834,"comment_status":"open","ping_status":"open","sticky":false,"template":"","format":"standard","meta":{"om_disable_all_campaigns":false,"_monsterinsights_skip_tracking":false,"_monsterinsights_sitenote_active":false,"_monsterinsights_sitenote_note":"","_monsterinsights_sitenote_category":0,"jnews-multi-image_gallery":[],"jnews_single_post":{"subtitle":"","format":"standard","video":"","gallery":"","source_name":"","source_url":"","via_name":"","via_url":"","override_template":"0","override":[{"template":"1","single_blog_custom":"","parallax":"1","fullscreen":"1","layout":"right-sidebar","sidebar":"default-sidebar","second_sidebar":"default-sidebar","sticky_sidebar":"1","share_position":"top","share_float_style":"share-monocrhome","show_share_counter":"1","show_view_counter":"1","show_featured":"1","show_post_meta":"1","show_post_author":"1","show_post_author_image":"1","show_post_date":"1","post_date_format":"default","post_date_format_custom":"Y\/m\/d","show_post_category":"1","show_post_reading_time":"0","post_reading_time_wpm":"300","show_zoom_button":"0","zoom_button_out_step":"2","zoom_button_in_step":"3","show_post_tag":"1","show_prev_next_post":"1","show_popup_post":"1","number_popup_post":"1","show_author_box":"1","show_post_related":"0","show_inline_post_related":"0"}],"override_image_size":"0","image_override":[{"single_post_thumbnail_size":"crop-500","single_post_gallery_size":"crop-500"}],"trending_post":"0","trending_post_position":"meta","trending_post_label":"Trending","sponsored_post":"0","sponsored_post_label":"Sponsored by","sponsored_post_name":"","sponsored_post_url":"","sponsored_post_logo_enable":"0","sponsored_post_logo":"","sponsored_post_desc":"","disable_ad":"0"},"jnews_primary_category":{"id":""},"footnotes":""},"categories":[43,52],"tags":[331,110,118],"class_list":["post-79833","post","type-post","status-publish","format-standard","has-post-thumbnail","hentry","category-estado","category-gobierno-de-tlaxcala","tag-cepc","tag-municipios","tag-ssc"],"aioseo_notices":[],"_links":{"self":[{"href":"https:\/\/estado29.mx\/index.php?rest_route=\/wp\/v2\/posts\/79833","targetHints":{"allow":["GET"]}}],"collection":[{"href":"https:\/\/estado29.mx\/index.php?rest_route=\/wp\/v2\/posts"}],"about":[{"href":"https:\/\/estado29.mx\/index.php?rest_route=\/wp\/v2\/types\/post"}],"author":[{"embeddable":true,"href":"https:\/\/estado29.mx\/index.php?rest_route=\/wp\/v2\/users\/4"}],"replies":[{"embeddable":true,"href":"https:\/\/estado29.mx\/index.php?rest_route=%2Fwp%2Fv2%2Fcomments&post=79833"}],"version-history":[{"count":1,"href":"https:\/\/estado29.mx\/index.php?rest_route=\/wp\/v2\/posts\/79833\/revisions"}],"predecessor-version":[{"id":79835,"href":"https:\/\/estado29.mx\/index.php?rest_route=\/wp\/v2\/posts\/79833\/revisions\/79835"}],"wp:featuredmedia":[{"embeddable":true,"href":"https:\/\/estado29.mx\/index.php?rest_route=\/wp\/v2\/media\/79834"}],"wp:attachment":[{"href":"https:\/\/estado29.mx\/index.php?rest_route=%2Fwp%2Fv2%2Fmedia&parent=79833"}],"wp:term":[{"taxonomy":"category","embeddable":true,"href":"https:\/\/estado29.mx\/index.php?rest_route=%2Fwp%2Fv2%2Fcategories&post=79833"},{"taxonomy":"post_tag","embeddable":true,"href":"https:\/\/estado29.mx\/index.php?rest_route=%2Fwp%2Fv2%2Ftags&post=79833"}],"curies":[{"name":"wp","href":"https:\/\/api.w.org\/{rel}","templated":true}]}}