{"id":79845,"date":"2022-06-15T12:43:19","date_gmt":"2022-06-15T12:43:19","guid":{"rendered":"https:\/\/estado29.mx\/?p=79845"},"modified":"2022-06-15T12:43:20","modified_gmt":"2022-06-15T12:43:20","slug":"buscan-cesesp-y-ofs-abatir-rezago-en-el-registro-de-policias-municipales-ante-el-sistema-nacional","status":"publish","type":"post","link":"https:\/\/estado29.mx\/?p=79845","title":{"rendered":"Buscan CESESP y OFS abatir rezago en el registro de polic\u00edas municipales ante el sistema nacional"},"content":{"rendered":"\n<p>*El objetivo es que logre su acreditaci\u00f3n el mayor n\u00famero de elementos policiacos de los municipios<\/p>\n\n\n\n<p>El \u00d3rgano de Fiscalizaci\u00f3n Superior (OFS) y la Comisi\u00f3n Ejecutiva del Sistema Estatal de Seguridad P\u00fablica (Cesesp) acordaron implementar estrategias para que los presidentes municipales puedan abatir el rezago que existe en el registro de sus polic\u00edas municipales ante el Sistema Nacional de Personal de Seguridad.<\/p>\n\n\n\n<p>Con el objetivo de dar seguimiento a las observaciones que realiz\u00f3 el OFS a las cuentas p\u00fablicas municipales del a\u00f1o 2021, respecto del retraso en los procesos de certificaci\u00f3n de los elementos de seguridad p\u00fablica, la Cesesp firmar\u00e1 convenios con los ayuntamientos interesados para lograr la acreditaci\u00f3n de sus polic\u00edas antes de que concluya 2022.<\/p>\n\n\n\n<p>Con lo anterior, se busca dar facilidades a los alcaldes para que, en un periodo de tres meses, realicen los procesos de acreditaci\u00f3n de sus polic\u00edas ante el Centro Estatal de Evaluaci\u00f3n y Control de Confianza (C3), al que est\u00e1n obligadas las administraciones municipales y que presentan un rezago.<\/p>\n\n\n\n<p>Por lo anterior, los presidentes municipales podr\u00e1n realizar un convenio-compromiso con el titular de la Comisi\u00f3n Ejecutiva, Maximino Hern\u00e1ndez Pulido, para solventar el registro de la totalidad del estado de fuerza municipal.<\/p>\n\n\n\n<p>\u201cLa Federaci\u00f3n a trav\u00e9s del Centro Nacional de Certificaci\u00f3n y Acreditaci\u00f3n del Secretariado Ejecutivo del Sistema Nacional de Seguridad P\u00fablica, nos coloc\u00f3 en los \u00faltimos lugares como estado, por lo que la gobernadora Lorena Cu\u00e9llar Cisneros y la auditora superior, Isabel Maldonado, decidieron coordinarse a fin de revertir el rezago durante este mismo a\u00f1o\u201d, asegur\u00f3.<\/p>\n\n\n\n<p>Por lo anterior, exhort\u00f3 a los ayuntamientos a acercarse al Cesesp para firmar el acuerdo respectivo, quienes deber\u00e1n presentar la constancia de mayor\u00eda y nombramientos de sus respectivos elementos, entre otros requisitos.<\/p>\n\n\n\n<p>Con la firma de dichos convenios, el \u00d3rgano de Fiscalizaci\u00f3n Superior podr\u00e1 realizar la valoraci\u00f3n de las observaciones realizadas a los ayuntamientos respecto del rezago en el registro de sus elementos policiacos ante el Sistema Nacional de Personal de Seguridad.<\/p>\n","protected":false},"excerpt":{"rendered":"<p>*El objetivo es que logre su acreditaci\u00f3n el mayor n\u00famero de elementos policiacos de los municipios El \u00d3rgano de Fiscalizaci\u00f3n Superior (OFS) y la Comisi\u00f3n Ejecutiva del Sistema Estatal de Seguridad P\u00fablica (Cesesp) acordaron implementar estrategias para que los presidentes municipales puedan abatir el rezago que existe en el registro de sus polic\u00edas municipales ante [&hellip;]<\/p>\n","protected":false},"author":4,"featured_media":79846,"comment_status":"open","ping_status":"open","sticky":false,"template":"","format":"standard","meta":{"om_disable_all_campaigns":false,"_monsterinsights_skip_tracking":false,"_monsterinsights_sitenote_active":false,"_monsterinsights_sitenote_note":"","_monsterinsights_sitenote_category":0,"jnews-multi-image_gallery":[],"jnews_single_post":{"subtitle":"","format":"standard","video":"","gallery":"","source_name":"","source_url":"","via_name":"","via_url":"","override_template":"0","override":[{"template":"1","single_blog_custom":"","parallax":"1","fullscreen":"1","layout":"right-sidebar","sidebar":"default-sidebar","second_sidebar":"default-sidebar","sticky_sidebar":"1","share_position":"top","share_float_style":"share-monocrhome","show_share_counter":"1","show_view_counter":"1","show_featured":"1","show_post_meta":"1","show_post_author":"1","show_post_author_image":"1","show_post_date":"1","post_date_format":"default","post_date_format_custom":"Y\/m\/d","show_post_category":"1","show_post_reading_time":"0","post_reading_time_wpm":"300","show_zoom_button":"0","zoom_button_out_step":"2","zoom_button_in_step":"3","show_post_tag":"1","show_prev_next_post":"1","show_popup_post":"1","number_popup_post":"1","show_author_box":"1","show_post_related":"0","show_inline_post_related":"0"}],"override_image_size":"0","image_override":[{"single_post_thumbnail_size":"crop-500","single_post_gallery_size":"crop-500"}],"trending_post":"0","trending_post_position":"meta","trending_post_label":"Trending","sponsored_post":"0","sponsored_post_label":"Sponsored by","sponsored_post_name":"","sponsored_post_url":"","sponsored_post_logo_enable":"0","sponsored_post_logo":"","sponsored_post_desc":"","disable_ad":"0"},"jnews_primary_category":{"id":""},"footnotes":""},"categories":[43,52],"tags":[395,150,405],"class_list":["post-79845","post","type-post","status-publish","format-standard","has-post-thumbnail","hentry","category-estado","category-gobierno-de-tlaxcala","tag-cesesp","tag-gobierno-del-estado","tag-ofs"],"aioseo_notices":[],"_links":{"self":[{"href":"https:\/\/estado29.mx\/index.php?rest_route=\/wp\/v2\/posts\/79845","targetHints":{"allow":["GET"]}}],"collection":[{"href":"https:\/\/estado29.mx\/index.php?rest_route=\/wp\/v2\/posts"}],"about":[{"href":"https:\/\/estado29.mx\/index.php?rest_route=\/wp\/v2\/types\/post"}],"author":[{"embeddable":true,"href":"https:\/\/estado29.mx\/index.php?rest_route=\/wp\/v2\/users\/4"}],"replies":[{"embeddable":true,"href":"https:\/\/estado29.mx\/index.php?rest_route=%2Fwp%2Fv2%2Fcomments&post=79845"}],"version-history":[{"count":1,"href":"https:\/\/estado29.mx\/index.php?rest_route=\/wp\/v2\/posts\/79845\/revisions"}],"predecessor-version":[{"id":79847,"href":"https:\/\/estado29.mx\/index.php?rest_route=\/wp\/v2\/posts\/79845\/revisions\/79847"}],"wp:featuredmedia":[{"embeddable":true,"href":"https:\/\/estado29.mx\/index.php?rest_route=\/wp\/v2\/media\/79846"}],"wp:attachment":[{"href":"https:\/\/estado29.mx\/index.php?rest_route=%2Fwp%2Fv2%2Fmedia&parent=79845"}],"wp:term":[{"taxonomy":"category","embeddable":true,"href":"https:\/\/estado29.mx\/index.php?rest_route=%2Fwp%2Fv2%2Fcategories&post=79845"},{"taxonomy":"post_tag","embeddable":true,"href":"https:\/\/estado29.mx\/index.php?rest_route=%2Fwp%2Fv2%2Ftags&post=79845"}],"curies":[{"name":"wp","href":"https:\/\/api.w.org\/{rel}","templated":true}]}}