{"id":80157,"date":"2022-06-14T22:06:00","date_gmt":"2022-06-14T22:06:00","guid":{"rendered":"https:\/\/estado29.mx\/?p=80157"},"modified":"2022-06-26T22:07:24","modified_gmt":"2022-06-26T22:07:24","slug":"inauguran-en-cuapiaxtla-centro-de-desarrollo-para-la-mujer","status":"publish","type":"post","link":"https:\/\/estado29.mx\/?p=80157","title":{"rendered":"Inauguran en Cuapiaxtla Centro de Desarrollo para la Mujer."},"content":{"rendered":"\n<p>Con el objetivo de disminuir los diferentes tipos de violencia que viven las mujeres del municipio de Cuapiaxtla as\u00ed como apoyar a las mismas en diversos aspectos, este d\u00eda se inauguraron las oficinas del Centro de Desarrollo para la Mujer.<\/p>\n\n\n\n<p>Ubicadas sobre la calle Xicot\u00e9ncatl #15 en Alta Luz, estas oficinas pretenden apoyar psicol\u00f3gicamente y de forma legal a las mujeres quienes enfrentan alg\u00fan problema de violencia.<\/p>\n\n\n\n<p>La titular de la instancia Susana Mendez Rodr\u00edguez, invit\u00f3 a las mujeres que sufren alg\u00fan tipo de violencia acercarse a estas oficinas y solicitar el apoyo que necesiten.<\/p>\n\n\n\n<p>Tambi\u00e9n estuvo presente la Presidenta del Sistema de Desarrollo Integral de la Familia Dennis Romero Torres quien se\u00f1al\u00f3 cuentan con todo su apoyo.<\/p>\n","protected":false},"excerpt":{"rendered":"<p>Con el objetivo de disminuir los diferentes tipos de violencia que viven las mujeres del municipio de Cuapiaxtla as\u00ed como apoyar a las mismas en diversos aspectos, este d\u00eda se inauguraron las oficinas del Centro de Desarrollo para la Mujer. Ubicadas sobre la calle Xicot\u00e9ncatl #15 en Alta Luz, estas oficinas pretenden apoyar psicol\u00f3gicamente y [&hellip;]<\/p>\n","protected":false},"author":5,"featured_media":80158,"comment_status":"open","ping_status":"open","sticky":false,"template":"","format":"standard","meta":{"om_disable_all_campaigns":false,"_monsterinsights_skip_tracking":false,"_monsterinsights_sitenote_active":false,"_monsterinsights_sitenote_note":"","_monsterinsights_sitenote_category":0,"jnews-multi-image_gallery":[],"jnews_single_post":{"subtitle":"","format":"standard","video":"","gallery":"","source_name":"","source_url":"","via_name":"","via_url":"","override_template":"0","override":[{"template":"1","single_blog_custom":"","parallax":"1","fullscreen":"1","layout":"right-sidebar","sidebar":"default-sidebar","second_sidebar":"default-sidebar","sticky_sidebar":"1","share_position":"top","share_float_style":"share-monocrhome","show_share_counter":"1","show_view_counter":"1","show_featured":"1","show_post_meta":"1","show_post_author":"1","show_post_author_image":"1","show_post_date":"1","post_date_format":"default","post_date_format_custom":"Y\/m\/d","show_post_category":"1","show_post_reading_time":"0","post_reading_time_wpm":"300","show_zoom_button":"0","zoom_button_out_step":"2","zoom_button_in_step":"3","show_post_tag":"1","show_prev_next_post":"1","show_popup_post":"1","number_popup_post":"1","show_author_box":"1","show_post_related":"0","show_inline_post_related":"0"}],"override_image_size":"0","image_override":[{"single_post_thumbnail_size":"crop-500","single_post_gallery_size":"crop-500"}],"trending_post":"0","trending_post_position":"meta","trending_post_label":"Trending","sponsored_post":"0","sponsored_post_label":"Sponsored by","sponsored_post_name":"","sponsored_post_url":"","sponsored_post_logo_enable":"0","sponsored_post_logo":"","sponsored_post_desc":"","disable_ad":"0"},"jnews_primary_category":{"id":""},"footnotes":""},"categories":[47],"tags":[321,509,510],"class_list":["post-80157","post","type-post","status-publish","format-standard","has-post-thumbnail","hentry","category-municipios","tag-cuapiaxtla","tag-inauguracion","tag-mujer"],"aioseo_notices":[],"_links":{"self":[{"href":"https:\/\/estado29.mx\/index.php?rest_route=\/wp\/v2\/posts\/80157","targetHints":{"allow":["GET"]}}],"collection":[{"href":"https:\/\/estado29.mx\/index.php?rest_route=\/wp\/v2\/posts"}],"about":[{"href":"https:\/\/estado29.mx\/index.php?rest_route=\/wp\/v2\/types\/post"}],"author":[{"embeddable":true,"href":"https:\/\/estado29.mx\/index.php?rest_route=\/wp\/v2\/users\/5"}],"replies":[{"embeddable":true,"href":"https:\/\/estado29.mx\/index.php?rest_route=%2Fwp%2Fv2%2Fcomments&post=80157"}],"version-history":[{"count":1,"href":"https:\/\/estado29.mx\/index.php?rest_route=\/wp\/v2\/posts\/80157\/revisions"}],"predecessor-version":[{"id":80159,"href":"https:\/\/estado29.mx\/index.php?rest_route=\/wp\/v2\/posts\/80157\/revisions\/80159"}],"wp:featuredmedia":[{"embeddable":true,"href":"https:\/\/estado29.mx\/index.php?rest_route=\/wp\/v2\/media\/80158"}],"wp:attachment":[{"href":"https:\/\/estado29.mx\/index.php?rest_route=%2Fwp%2Fv2%2Fmedia&parent=80157"}],"wp:term":[{"taxonomy":"category","embeddable":true,"href":"https:\/\/estado29.mx\/index.php?rest_route=%2Fwp%2Fv2%2Fcategories&post=80157"},{"taxonomy":"post_tag","embeddable":true,"href":"https:\/\/estado29.mx\/index.php?rest_route=%2Fwp%2Fv2%2Ftags&post=80157"}],"curies":[{"name":"wp","href":"https:\/\/api.w.org\/{rel}","templated":true}]}}