{"id":80567,"date":"2022-07-11T21:17:00","date_gmt":"2022-07-11T21:17:00","guid":{"rendered":"https:\/\/estado29.mx\/?p=80567"},"modified":"2022-07-12T21:18:41","modified_gmt":"2022-07-12T21:18:41","slug":"la-diocesis-del-estado-pide-no-normalizar-actos-de-violencia","status":"publish","type":"post","link":"https:\/\/estado29.mx\/?p=80567","title":{"rendered":"La di\u00f3cesis del estado pide no normalizar actos de violencia"},"content":{"rendered":"\n<p>Este d\u00eda en rueda de prensa, que fue convocada por las autoridades eclesi\u00e1sticas, con la finalidad de llamar a tomar acciones en el camino de la justicia y fomentar un ambiente de armon\u00eda entre las familias; la di\u00f3cesis de Tlaxcala dio a conocer las \u201cJornadas de oraci\u00f3n por la paz\u201d a efectuarse a partir de este d\u00eda hasta el pr\u00f3ximo 31 de julio.<\/p>\n\n\n\n<p>En la intervenci\u00f3n de el vocero de la diocesis, Ranulfo rojas bret\u00f3n aprovech\u00f3 para llamar a la poblaci\u00f3n a una conciencia por la paz y justicia, al se\u00f1alar que los casos de incidencia de violencia familiar y g\u00e9nero son de los m\u00e1s altos delitos en el estado<\/p>\n\n\n\n<p>Asimismo reconoci\u00f3 que ante los recientes casos de b\u00fasqueda de justicia por la propia mano de los pobladores se puede da\u00f1ar y afectar no solo el estado, tambi\u00e9n a familias y poblaci\u00f3n en general, por lo que lament\u00f3 estos hechos ocurridos que se presentan continuamente en las comunidades de la entidad tlaxcalteca.<\/p>\n\n\n\n<p>Por ello se pide a las autoridades tomar con seriedad estos temas y no permitir que siga sucediendo; as\u00ed como tambi\u00e9n exhort\u00f3 a la poblaci\u00f3n y que las dependencias que imparten justicia sean m\u00e1s flexibles para atender a los pobladores lo m\u00e1s pronto posible y sin burocracia.<\/p>\n\n\n\n<p>Al mismo tiempo, Marco Antonio Padilla Aguilar, presidente de la Comisi\u00f3n Diocesana de la Pastoral Social de Tlaxcala, record\u00f3 que est\u00e1 jornada se realiza de acuerdo a la invitaci\u00f3n del obispado mexicano, hasta el 31 de julio, con la finalidad de recuperar una armon\u00eda y paz mediante la oraci\u00f3n.<\/p>\n\n\n\n<p>Finalmente, se realizar\u00e1n caminatas y oraciones en lugares significativos de la entidad En d\u00f3nde tambi\u00e9n se pedir\u00e1 por los sacerdotes asesinados por el crimen organizado a nivel nacional.<\/p>\n","protected":false},"excerpt":{"rendered":"<p>Este d\u00eda en rueda de prensa, que fue convocada por las autoridades eclesi\u00e1sticas, con la finalidad de llamar a tomar acciones en el camino de la justicia y fomentar un ambiente de armon\u00eda entre las familias; la di\u00f3cesis de Tlaxcala dio a conocer las \u201cJornadas de oraci\u00f3n por la paz\u201d a efectuarse a partir de [&hellip;]<\/p>\n","protected":false},"author":5,"featured_media":80568,"comment_status":"open","ping_status":"open","sticky":false,"template":"","format":"standard","meta":{"om_disable_all_campaigns":false,"_monsterinsights_skip_tracking":false,"_monsterinsights_sitenote_active":false,"_monsterinsights_sitenote_note":"","_monsterinsights_sitenote_category":0,"jnews-multi-image_gallery":[],"jnews_single_post":{"subtitle":"","format":"standard","video":"","gallery":"","source_name":"","source_url":"","via_name":"","via_url":"","override_template":"0","override":[{"template":"1","single_blog_custom":"","parallax":"1","fullscreen":"1","layout":"right-sidebar","sidebar":"default-sidebar","second_sidebar":"default-sidebar","sticky_sidebar":"1","share_position":"top","share_float_style":"share-monocrhome","show_share_counter":"1","show_view_counter":"1","show_featured":"1","show_post_meta":"1","show_post_author":"1","show_post_author_image":"1","show_post_date":"1","post_date_format":"default","post_date_format_custom":"Y\/m\/d","show_post_category":"1","show_post_reading_time":"0","post_reading_time_wpm":"300","show_zoom_button":"0","zoom_button_out_step":"2","zoom_button_in_step":"3","show_post_tag":"1","show_prev_next_post":"1","show_popup_post":"1","number_popup_post":"1","show_author_box":"1","show_post_related":"0","show_inline_post_related":"0"}],"override_image_size":"0","image_override":[{"single_post_thumbnail_size":"crop-500","single_post_gallery_size":"crop-500"}],"trending_post":"0","trending_post_position":"meta","trending_post_label":"Trending","sponsored_post":"0","sponsored_post_label":"Sponsored by","sponsored_post_name":"","sponsored_post_url":"","sponsored_post_logo_enable":"0","sponsored_post_logo":"","sponsored_post_desc":"","disable_ad":"0"},"jnews_primary_category":{"id":""},"footnotes":""},"categories":[43],"tags":[596,597,598],"class_list":["post-80567","post","type-post","status-publish","format-standard","has-post-thumbnail","hentry","category-estado","tag-diocesis","tag-normalizar","tag-violencia"],"aioseo_notices":[],"_links":{"self":[{"href":"https:\/\/estado29.mx\/index.php?rest_route=\/wp\/v2\/posts\/80567","targetHints":{"allow":["GET"]}}],"collection":[{"href":"https:\/\/estado29.mx\/index.php?rest_route=\/wp\/v2\/posts"}],"about":[{"href":"https:\/\/estado29.mx\/index.php?rest_route=\/wp\/v2\/types\/post"}],"author":[{"embeddable":true,"href":"https:\/\/estado29.mx\/index.php?rest_route=\/wp\/v2\/users\/5"}],"replies":[{"embeddable":true,"href":"https:\/\/estado29.mx\/index.php?rest_route=%2Fwp%2Fv2%2Fcomments&post=80567"}],"version-history":[{"count":1,"href":"https:\/\/estado29.mx\/index.php?rest_route=\/wp\/v2\/posts\/80567\/revisions"}],"predecessor-version":[{"id":80569,"href":"https:\/\/estado29.mx\/index.php?rest_route=\/wp\/v2\/posts\/80567\/revisions\/80569"}],"wp:featuredmedia":[{"embeddable":true,"href":"https:\/\/estado29.mx\/index.php?rest_route=\/wp\/v2\/media\/80568"}],"wp:attachment":[{"href":"https:\/\/estado29.mx\/index.php?rest_route=%2Fwp%2Fv2%2Fmedia&parent=80567"}],"wp:term":[{"taxonomy":"category","embeddable":true,"href":"https:\/\/estado29.mx\/index.php?rest_route=%2Fwp%2Fv2%2Fcategories&post=80567"},{"taxonomy":"post_tag","embeddable":true,"href":"https:\/\/estado29.mx\/index.php?rest_route=%2Fwp%2Fv2%2Ftags&post=80567"}],"curies":[{"name":"wp","href":"https:\/\/api.w.org\/{rel}","templated":true}]}}