{"id":81169,"date":"2022-08-11T12:21:55","date_gmt":"2022-08-11T12:21:55","guid":{"rendered":"https:\/\/estado29.mx\/?p=81169"},"modified":"2022-08-11T12:21:56","modified_gmt":"2022-08-11T12:21:56","slug":"celebran-el-31-aniversario-del-museo-nacional-del-titere","status":"publish","type":"post","link":"https:\/\/estado29.mx\/?p=81169","title":{"rendered":"Celebran el 31 aniversario del museo nacional del t\u00edtere"},"content":{"rendered":"\n<p>*En 1991 se inaugur\u00f3 y alberga piezas nacionales y extranjeras.<\/p>\n\n\n\n<p>Como parte de los festejos del 31 aniversario del Museo Nacional del T\u00edtere (Munati) se realiz\u00f3 el taller de construcci\u00f3n de t\u00edteres dirigido a ni\u00f1as y ni\u00f1os, posteriormente una ceremonia especial en conmemoraci\u00f3n, as\u00ed como la funci\u00f3n de t\u00edteres \u201cLa Visita Inesperada\u201d del grupo Marionetas de la Esquina, de la directora Lourdes P\u00e9rez Gay, de la Ciudad de M\u00e9xico.<\/p>\n\n\n\n<p>Ubicado en el coraz\u00f3n de la ciudad de Huamantla se encuentra el Munati, dedicado a difundir el arte de los t\u00edteres. Fundado el 9 de agosto de 1991, es uno de los museos m\u00e1s importantes de su tipo, donde se exhiben t\u00edteres nacionales y de otras partes del mundo como Alemania, Francia, Italia, Indonesia y Pakist\u00e1n, entre otros.<\/p>\n\n\n\n<p>El secretario de Cultura en la entidad, Antonio Mart\u00ednez Vel\u00e1zquez coment\u00f3 que \u201chemos creado una muy buena relaci\u00f3n de trabajo con el presidente municipal de Huamantla y por ello agradecemos la coordinaci\u00f3n y cooperaci\u00f3n, sin duda este museo est\u00e1 dentro de las prioridades de la gobernadora Lorena Cu\u00e9llar Cisneros; en M\u00e9xico es el \u00fanico en su tipo, por eso estamos poniendo todo nuestro esfuerzo para convertirlo en el m\u00e1s importante del pa\u00eds en el arte de los t\u00edteres\u201d.<\/p>\n\n\n\n<p>Mart\u00ednez Vel\u00e1zquez agreg\u00f3 que \u201chay tres puntos importantes a resaltar, el primero de ellos es que para hacerle honor a su car\u00e1cter de nacional, estamos trabajando ya convenios con distintas secretar\u00edas de estados vecinos como Veracruz, Puebla e Hidalgo para tener intercambios y que este museo sea g\u00e9nesis del arte \u2018titeril\u2019; en segundo lugar, vamos avanzando para regresar una colecci\u00f3n muy importante de t\u00edteres a este museo y, por \u00faltimo, tenemos ya proyectado para los pr\u00f3ximos a\u00f1os dignificar la infraestructura de los museos y principalmente del Munati\u201d.<\/p>\n\n\n\n<p>Mencionar que en octubre se realizar\u00e1 el Festival Internacional de T\u00edteres \u201cRosete Aranda\u201d en su edici\u00f3n n\u00famero 38, que estar\u00e1 dedicada a los 90 a\u00f1os del teatro gui\u00f1ol, donde participar\u00e1n compa\u00f1\u00edas de todo el mundo que dar\u00e1n funciones y clases magistrales en escuelas de las comunidades de Huamantla.<\/p>\n\n\n\n<p>Cabe mencionar que como parte de los festejos, el viernes 12 y s\u00e1bado 13 de agosto se presentar\u00e1 la compa\u00f1\u00eda Gato Bocarriba con tres funciones por d\u00eda en tres diferentes horarios: 12:00, 13:00 y 14:00 horas y del d\u00eda 14 al 19 del presente mes habr\u00e1 variedad de grupos locales.<\/p>\n\n\n\n<p>Para mayores informes se pueden comunicar v\u00eda telef\u00f3nica al museo al n\u00famero 247 472 1033 o bien en las redes sociales @Museo Nacional del T\u00edtere y @Secretar\u00eda de Cultura Tlaxcala, recuerda que al tomar fotograf\u00edas no olvides contarnos tu experiencia, etiquetarnos y utilizar el hashtag: #31a\u00f1osMUNATI o bien #EnCulturaUnaNuevaHistoria.<\/p>\n","protected":false},"excerpt":{"rendered":"<p>*En 1991 se inaugur\u00f3 y alberga piezas nacionales y extranjeras. Como parte de los festejos del 31 aniversario del Museo Nacional del T\u00edtere (Munati) se realiz\u00f3 el taller de construcci\u00f3n de t\u00edteres dirigido a ni\u00f1as y ni\u00f1os, posteriormente una ceremonia especial en conmemoraci\u00f3n, as\u00ed como la funci\u00f3n de t\u00edteres \u201cLa Visita Inesperada\u201d del grupo Marionetas [&hellip;]<\/p>\n","protected":false},"author":4,"featured_media":81170,"comment_status":"open","ping_status":"open","sticky":false,"template":"","format":"standard","meta":{"om_disable_all_campaigns":false,"_monsterinsights_skip_tracking":false,"_monsterinsights_sitenote_active":false,"_monsterinsights_sitenote_note":"","_monsterinsights_sitenote_category":0,"jnews-multi-image_gallery":[],"jnews_single_post":{"subtitle":"","format":"standard","video":"","gallery":"","source_name":"","source_url":"","via_name":"","via_url":"","override_template":"0","override":[{"template":"1","single_blog_custom":"","parallax":"1","fullscreen":"1","layout":"right-sidebar","sidebar":"default-sidebar","second_sidebar":"default-sidebar","sticky_sidebar":"1","share_position":"top","share_float_style":"share-monocrhome","show_share_counter":"1","show_view_counter":"1","show_featured":"1","show_post_meta":"1","show_post_author":"1","show_post_author_image":"1","show_post_date":"1","post_date_format":"default","post_date_format_custom":"Y\/m\/d","show_post_category":"1","show_post_reading_time":"0","post_reading_time_wpm":"300","show_zoom_button":"0","zoom_button_out_step":"2","zoom_button_in_step":"3","show_post_tag":"1","show_prev_next_post":"1","show_popup_post":"1","number_popup_post":"1","show_author_box":"1","show_post_related":"0","show_inline_post_related":"0"}],"override_image_size":"0","image_override":[{"single_post_thumbnail_size":"crop-500","single_post_gallery_size":"crop-500"}],"trending_post":"0","trending_post_position":"meta","trending_post_label":"Trending","sponsored_post":"0","sponsored_post_label":"Sponsored by","sponsored_post_name":"","sponsored_post_url":"","sponsored_post_logo_enable":"0","sponsored_post_logo":"","sponsored_post_desc":"","disable_ad":"0"},"jnews_primary_category":{"id":""},"footnotes":""},"categories":[43,52],"tags":[150,110,299,96],"class_list":["post-81169","post","type-post","status-publish","format-standard","has-post-thumbnail","hentry","category-estado","category-gobierno-de-tlaxcala","tag-gobierno-del-estado","tag-municipios","tag-sc","tag-tlaxcala"],"aioseo_notices":[],"_links":{"self":[{"href":"https:\/\/estado29.mx\/index.php?rest_route=\/wp\/v2\/posts\/81169","targetHints":{"allow":["GET"]}}],"collection":[{"href":"https:\/\/estado29.mx\/index.php?rest_route=\/wp\/v2\/posts"}],"about":[{"href":"https:\/\/estado29.mx\/index.php?rest_route=\/wp\/v2\/types\/post"}],"author":[{"embeddable":true,"href":"https:\/\/estado29.mx\/index.php?rest_route=\/wp\/v2\/users\/4"}],"replies":[{"embeddable":true,"href":"https:\/\/estado29.mx\/index.php?rest_route=%2Fwp%2Fv2%2Fcomments&post=81169"}],"version-history":[{"count":1,"href":"https:\/\/estado29.mx\/index.php?rest_route=\/wp\/v2\/posts\/81169\/revisions"}],"predecessor-version":[{"id":81171,"href":"https:\/\/estado29.mx\/index.php?rest_route=\/wp\/v2\/posts\/81169\/revisions\/81171"}],"wp:featuredmedia":[{"embeddable":true,"href":"https:\/\/estado29.mx\/index.php?rest_route=\/wp\/v2\/media\/81170"}],"wp:attachment":[{"href":"https:\/\/estado29.mx\/index.php?rest_route=%2Fwp%2Fv2%2Fmedia&parent=81169"}],"wp:term":[{"taxonomy":"category","embeddable":true,"href":"https:\/\/estado29.mx\/index.php?rest_route=%2Fwp%2Fv2%2Fcategories&post=81169"},{"taxonomy":"post_tag","embeddable":true,"href":"https:\/\/estado29.mx\/index.php?rest_route=%2Fwp%2Fv2%2Ftags&post=81169"}],"curies":[{"name":"wp","href":"https:\/\/api.w.org\/{rel}","templated":true}]}}